{"id":16644,"date":"2021-02-25T11:27:45","date_gmt":"2021-02-25T09:27:45","guid":{"rendered":"https:\/\/bisbalpenedes.com\/web\/?p=16644"},"modified":"2021-02-25T11:27:45","modified_gmt":"2021-02-25T09:27:45","slug":"pressupost-2021-habitatge-i-urbanisme","status":"publish","type":"post","link":"https:\/\/bisbalpenedes.com\/web\/2021\/02\/25\/pressupost-2021-habitatge-i-urbanisme\/","title":{"rendered":"Pressupost 2021 &#8211; Habitatge i Urbanisme"},"content":{"rendered":"\n<p><strong>L&#8217;alcaldessa i responsable de les \u00e0rees d&#8217;Habitatge i Urbanisme, Agn\u00e8s Ferr\u00e9, ens detalla les despeses en aquests \u00e0mbits.<\/strong><\/p>\n\n\n\n<hr class=\"wp-block-separator is-style-default\"\/>\n\n\n\n<p><strong>La alcaldesa y responsable de las \u00e1reas de Vivienda y Urbanismo, Agn\u00e8s Ferr\u00e9, nos detalla los gastos en estos \u00e1mbitos.<\/strong><\/p>\n\n\n\n<figure class=\"wp-block-embed is-type-video is-provider-youtube wp-block-embed-youtube wp-embed-aspect-16-9 wp-has-aspect-ratio\"><div class=\"wp-block-embed__wrapper\">\nhttps:\/\/youtu.be\/oBWExQvmUEk\n<\/div><\/figure>\n","protected":false},"excerpt":{"rendered":"<p>L&#8217;alcaldessa i responsable de les \u00e0rees d&#8217;Habitatge i Urbanisme, Agn\u00e8s Ferr\u00e9, ens detalla les despeses en aquests \u00e0mbits. La alcaldesa y responsable de las \u00e1reas de Vivienda y Urbanismo, Agn\u00e8s &hellip; <a href=\"https:\/\/bisbalpenedes.com\/web\/2021\/02\/25\/pressupost-2021-habitatge-i-urbanisme\/\" class=\"more-link\">Read More<\/a><\/p>\n","protected":false},"author":4,"featured_media":16645,"comment_status":"closed","ping_status":"closed","sticky":false,"template":"","format":"standard","meta":[],"categories":[3835,8],"tags":[1180,515,199],"_links":{"self":[{"href":"https:\/\/bisbalpenedes.com\/web\/wp-json\/wp\/v2\/posts\/16644"}],"collection":[{"href":"https:\/\/bisbalpenedes.com\/web\/wp-json\/wp\/v2\/posts"}],"about":[{"href":"https:\/\/bisbalpenedes.com\/web\/wp-json\/wp\/v2\/types\/post"}],"author":[{"embeddable":true,"href":"https:\/\/bisbalpenedes.com\/web\/wp-json\/wp\/v2\/users\/4"}],"replies":[{"embeddable":true,"href":"https:\/\/bisbalpenedes.com\/web\/wp-json\/wp\/v2\/comments?post=16644"}],"version-history":[{"count":1,"href":"https:\/\/bisbalpenedes.com\/web\/wp-json\/wp\/v2\/posts\/16644\/revisions"}],"predecessor-version":[{"id":16646,"href":"https:\/\/bisbalpenedes.com\/web\/wp-json\/wp\/v2\/posts\/16644\/revisions\/16646"}],"wp:featuredmedia":[{"embeddable":true,"href":"https:\/\/bisbalpenedes.com\/web\/wp-json\/wp\/v2\/media\/16645"}],"wp:attachment":[{"href":"https:\/\/bisbalpenedes.com\/web\/wp-json\/wp\/v2\/media?parent=16644"}],"wp:term":[{"taxonomy":"category","embeddable":true,"href":"https:\/\/bisbalpenedes.com\/web\/wp-json\/wp\/v2\/categories?post=16644"},{"taxonomy":"post_tag","embeddable":true,"href":"https:\/\/bisbalpenedes.com\/web\/wp-json\/wp\/v2\/tags?post=16644"}],"curies":[{"name":"wp","href":"https:\/\/api.w.org\/{rel}","templated":true}]}}