{"id":16593,"date":"2021-02-23T22:24:00","date_gmt":"2021-02-23T20:24:00","guid":{"rendered":"https:\/\/bisbalpenedes.com\/web\/?p=16593"},"modified":"2021-02-23T22:24:00","modified_gmt":"2021-02-23T20:24:00","slug":"les-preinscripcions-de-lescola-ull-de-vent-estaran-obertes-del-15-al-24-de-marc","status":"publish","type":"post","link":"https:\/\/bisbalpenedes.com\/web\/2021\/02\/23\/les-preinscripcions-de-lescola-ull-de-vent-estaran-obertes-del-15-al-24-de-marc\/","title":{"rendered":"Les preinscripcions de l&#8217;Escola Ull de Vent estaran obertes del 15 al 24 de mar\u00e7"},"content":{"rendered":"\n<p>La Regidoria d\u2019Ensenyament us informa que les preinscripcions de l\u2019Escola Ull de Vent romandran obertes del 15 al 24 de mar\u00e7 i s\u2019hauran de fer de forma telem\u00e0tica, llevat d\u2019aquells casos en qu\u00e8 sigui totalment impossible.<\/p>\n\n\n\n<p>Trobareu tota la informaci\u00f3 relativa al proc\u00e9s i als terminis a l\u2019enlla\u00e7: <a href=\"https:\/\/agora.xtec.cat\/ceipulldevent\/preinscripcio\/\">https:\/\/agora.xtec.cat\/ceipulldevent\/preinscripcio\/<\/a> (la informaci\u00f3 s\u2019anir\u00e0 actualitzant en aquest web).<\/p>\n\n\n\n<p>D\u2019altra banda, des de l\u2019Escola Ull de Vent ens han informat que, enguany, no es duran a terme les Jornades de Portes Obertes tenint en compte la situaci\u00f3 sanit\u00e0ria generada per la pand\u00e8mia de COVID-19. Aquelles persones que desitgin m\u00e9s informaci\u00f3 sobre el centre poden accedir al web <a href=\"https:\/\/agora.xtec.cat\/ceipulldevent\/general\/tot-el-que-necessites-saber-de-la-teva-escola\/\">https:\/\/agora.xtec.cat\/ceipulldevent\/general\/tot-el-que-necessites-saber-de-la-teva-escola\/<\/a> o poden adre\u00e7ar-se al tel\u00e8fon 977688352 i al correu electr\u00f2nic <a href=\"mailto:preinscripcio@ulldevent.cat\">preinscripcio@ulldevent.cat<\/a> per tal de concretar un dia per parlar, priorit\u00e0riament de forma telem\u00e0tica.<\/p>\n\n\n\n<p><strong>CASTELLANO |<\/strong> La Concejal\u00eda de Educaci\u00f3n os informa que las preinscripciones de la Escuela Ull de Vent permanecer\u00e1n abiertas del 15 al 24 de marzo y se tendr\u00e1n que hacer de forma telem\u00e1tica, salvo de aquellos casos en los que sea totalmente imposible. Encontrar\u00e9is toda la informaci\u00f3n relativa al proceso y a los plazos en el enlace: <a href=\"https:\/\/agora.xtec.cat\/ceipulldevent\/preinscripcio\/\">https:\/\/agora.xtec.cat\/ceipulldevent\/preinscripcio\/<\/a> &nbsp;(la informaci\u00f3n se ir\u00e1 actualizando en esta web).<\/p>\n\n\n\n<p>Por otro lado, desde la Escuela Ull de Vent nos han informado de que, este a\u00f1o, no se llevar\u00e1n a cabo las Jornadas de Puertas Abiertas teniendo en cuenta la situaci\u00f3n sanitaria generada por la pandemia de COVID-19. Aquellas personas que deseen m\u00e1s informaci\u00f3n sobre el centro pueden acceder a la web <a href=\"https:\/\/agora.xtec.cat\/ceipulldevent\/general\/tot-el-que-necessites-saber-de-la-teva-escola\/\">https:\/\/agora.xtec.cat\/ceipulldevent\/general\/tot-el-que-necessites-saber-de-la-teva-escola\/<\/a> o pueden dirigirse al tel\u00e9fono 977688352 y al correo electr\u00f3nico <a href=\"mailto:preinscripcio@ulldevent.cat\">preinscripcio@ulldevent.cat<\/a> con tal de concretar un d\u00eda para hablar, prioritariamente de forma telem\u00e1tica.<\/p>\n\n\n\n<figure class=\"wp-block-image size-large\"><img loading=\"lazy\" width=\"724\" height=\"1024\" src=\"https:\/\/bisbalpenedes.com\/web\/wp-content\/uploads\/2021\/02\/Preinscripcio-ULL-DE-VENT-2021-2022-724x1024.png\" alt=\"\" class=\"wp-image-16594\" srcset=\"https:\/\/bisbalpenedes.com\/web\/wp-content\/uploads\/2021\/02\/Preinscripcio-ULL-DE-VENT-2021-2022-724x1024.png 724w, https:\/\/bisbalpenedes.com\/web\/wp-content\/uploads\/2021\/02\/Preinscripcio-ULL-DE-VENT-2021-2022-600x849.png 600w, https:\/\/bisbalpenedes.com\/web\/wp-content\/uploads\/2021\/02\/Preinscripcio-ULL-DE-VENT-2021-2022-212x300.png 212w, https:\/\/bisbalpenedes.com\/web\/wp-content\/uploads\/2021\/02\/Preinscripcio-ULL-DE-VENT-2021-2022-768x1086.png 768w, https:\/\/bisbalpenedes.com\/web\/wp-content\/uploads\/2021\/02\/Preinscripcio-ULL-DE-VENT-2021-2022.png 905w\" sizes=\"(max-width: 724px) 100vw, 724px\" \/><\/figure>\n\n\n\n<figure class=\"wp-block-image size-large\"><img loading=\"lazy\" width=\"792\" height=\"612\" src=\"https:\/\/bisbalpenedes.com\/web\/wp-content\/uploads\/2021\/02\/PREINSCRIPCIO-ULL-DE-VENT-2.jpeg\" alt=\"\" class=\"wp-image-16595\" srcset=\"https:\/\/bisbalpenedes.com\/web\/wp-content\/uploads\/2021\/02\/PREINSCRIPCIO-ULL-DE-VENT-2.jpeg 792w, https:\/\/bisbalpenedes.com\/web\/wp-content\/uploads\/2021\/02\/PREINSCRIPCIO-ULL-DE-VENT-2-600x464.jpeg 600w, https:\/\/bisbalpenedes.com\/web\/wp-content\/uploads\/2021\/02\/PREINSCRIPCIO-ULL-DE-VENT-2-300x232.jpeg 300w, https:\/\/bisbalpenedes.com\/web\/wp-content\/uploads\/2021\/02\/PREINSCRIPCIO-ULL-DE-VENT-2-768x593.jpeg 768w\" sizes=\"(max-width: 792px) 100vw, 792px\" \/><\/figure>\n","protected":false},"excerpt":{"rendered":"<p>La Regidoria d\u2019Ensenyament us informa que les preinscripcions de l\u2019Escola Ull de Vent romandran obertes del 15 al 24 de mar\u00e7 i s\u2019hauran de fer de forma telem\u00e0tica, llevat d\u2019aquells &hellip; <a href=\"https:\/\/bisbalpenedes.com\/web\/2021\/02\/23\/les-preinscripcions-de-lescola-ull-de-vent-estaran-obertes-del-15-al-24-de-marc\/\" class=\"more-link\">Read More<\/a><\/p>\n","protected":false},"author":4,"featured_media":16594,"comment_status":"closed","ping_status":"closed","sticky":false,"template":"","format":"standard","meta":[],"categories":[16,3456,8],"tags":[337,1541,1413],"_links":{"self":[{"href":"https:\/\/bisbalpenedes.com\/web\/wp-json\/wp\/v2\/posts\/16593"}],"collection":[{"href":"https:\/\/bisbalpenedes.com\/web\/wp-json\/wp\/v2\/posts"}],"about":[{"href":"https:\/\/bisbalpenedes.com\/web\/wp-json\/wp\/v2\/types\/post"}],"author":[{"embeddable":true,"href":"https:\/\/bisbalpenedes.com\/web\/wp-json\/wp\/v2\/users\/4"}],"replies":[{"embeddable":true,"href":"https:\/\/bisbalpenedes.com\/web\/wp-json\/wp\/v2\/comments?post=16593"}],"version-history":[{"count":1,"href":"https:\/\/bisbalpenedes.com\/web\/wp-json\/wp\/v2\/posts\/16593\/revisions"}],"predecessor-version":[{"id":16596,"href":"https:\/\/bisbalpenedes.com\/web\/wp-json\/wp\/v2\/posts\/16593\/revisions\/16596"}],"wp:featuredmedia":[{"embeddable":true,"href":"https:\/\/bisbalpenedes.com\/web\/wp-json\/wp\/v2\/media\/16594"}],"wp:attachment":[{"href":"https:\/\/bisbalpenedes.com\/web\/wp-json\/wp\/v2\/media?parent=16593"}],"wp:term":[{"taxonomy":"category","embeddable":true,"href":"https:\/\/bisbalpenedes.com\/web\/wp-json\/wp\/v2\/categories?post=16593"},{"taxonomy":"post_tag","embeddable":true,"href":"https:\/\/bisbalpenedes.com\/web\/wp-json\/wp\/v2\/tags?post=16593"}],"curies":[{"name":"wp","href":"https:\/\/api.w.org\/{rel}","templated":true}]}}