{"id":16589,"date":"2021-02-23T21:15:33","date_gmt":"2021-02-23T19:15:33","guid":{"rendered":"https:\/\/bisbalpenedes.com\/web\/?p=16589"},"modified":"2021-03-15T14:38:16","modified_gmt":"2021-03-15T12:38:16","slug":"saproven-les-bases-del-13e-concurs-literari-de-sant-jordi","status":"publish","type":"post","link":"https:\/\/bisbalpenedes.com\/web\/2021\/02\/23\/saproven-les-bases-del-13e-concurs-literari-de-sant-jordi\/","title":{"rendered":"S\u2019aproven les bases del 13\u00e8 Concurs Literari de Sant Jordi"},"content":{"rendered":"\n<p>La Junta de Govern del 22 de febrer va aprovar la convocat\u00f2ria per aquest 2021 del Concurs Literari de Sant Jordi, la 13\u00aa edici\u00f3. Pr\u00f2ximament es publicaran les bases al BOPT i s&#8217;hi podran presentar treballs des de l\u2019endem\u00e0 de la publicaci\u00f3 i fins al 9 d\u2019abril de 2021.<\/p>\n\n\n\n<p>El concurs comptar\u00e0 amb dues modalitats: poesia i prosa. La tem\u00e0tica ser\u00e0 lliure i es valorar\u00e0 l\u2019originalitat, l\u2019estructura, la correcci\u00f3 ling\u00fc\u00edstica i la qualitat en la redacci\u00f3. El concurs est\u00e0 obert a qualsevol persona f\u00edsica major d\u2019edat (i els\/les menors d\u2019edat amb autoritzaci\u00f3 de la seva mare, el seu pare o tutor\/a legal) i cada participant podr\u00e0 presentar fins a dos treballs.<\/p>\n\n\n\n<p>Quant a l\u2019extensi\u00f3 de les obres, aquestes tindran 100 versos com a m\u00e0xim en el cas de la modalitat de poesia i 6 folis DIN-A4 com a m\u00e0xim en el cas de la modalitat de prosa. Les obres hauran de ser originals i in\u00e8dites.<\/p>\n\n\n\n<p>Els premis seran els seg\u00fcents (independentment que l\u2019obra guardonada sigui de la modalitat de poesia o de prosa):<\/p>\n\n\n\n<p><strong>Primer premi:<\/strong> 200\u20ac, un lot de llibres i un diploma commemoratiu<\/p>\n\n\n\n<p><strong>Segon premi: <\/strong>150\u20ac, un lot de llibres i un diploma commemoratiu<\/p>\n\n\n\n<p><strong>Tercer premi:<\/strong> 100\u20ac, un lot de llibres i un diploma commemoratiu<\/p>\n\n\n\n<p><strong>Premi especial de tem\u00e0tica bisbalenca: <\/strong>200\u20ac i un diploma commemoratiu<\/p>\n\n\n\n<p><strong>Menci\u00f3 especial del jurat:<\/strong> 100\u20ac i un diploma commemoratiu.<\/p>\n\n\n\n<p>Els premis estaran sotmesos a les retencions fiscals corresponents.<\/p>\n\n\n\n<p>El jurat estar\u00e0 format per quatre representants vinculats a l\u2019\u00e0mbit de la literatura i la Cultura de la Bisbal. El veredicte es far\u00e0 p\u00fablic el mateix dia del lliurament de premis. Un cop acordada la concessi\u00f3 dels premis, aquesta ser\u00e0 notificada als interessats.<\/p>\n\n\n\n<hr class=\"wp-block-separator is-style-wide\"\/>\n\n\n\n<p><strong>CASTELLANO<\/strong> | La Junta de Gobierno del 22 de febrero aprob\u00f3 la convocatoria para este 2021 del Concurso Literario de Sant Jordi, la 13\u00aa edici\u00f3n. Pr\u00f3ximamente se publicar\u00e1n las bases en el BOPT y se podr\u00e1n presentar trabajos desde el d\u00eda siguiente de la publicaci\u00f3n y hasta el d\u00eda 9 de abril de 2021.<\/p>\n\n\n\n<p>El concurso contar\u00e1 con dos modalidades: poes\u00eda y prosa. La tem\u00e1tica ser\u00e1 libre y se valorar\u00e1 la originalidad, la estructura, la correcci\u00f3n ling\u00fc\u00edstica y la calidad de la redacci\u00f3n. El concurso est\u00e1 abierto a cualquier persona f\u00edsica mayor de edad (y los\/las menores de edad con autorizaci\u00f3n de su madre, padre o tutor\/a legal) y cada participante podr\u00e1 presentar hasta dos trabajos.<\/p>\n\n\n\n<p>En cuanto a la extensi\u00f3n de las obras, estas tendr\u00e1n 100 versos como m\u00e1ximo en el caso de la modalidad de poes\u00eda y 6 folios DIN-A4 como m\u00e1ximo en el caso de la modalidad de prosa. Las obras tendr\u00e1n que ser originales e in\u00e9ditas.<\/p>\n\n\n\n<p>Los premios ser\u00e1n los siguientes (independientemente del hecho que la obra galardonada sea de la modalidad de poes\u00eda o de prosa):<\/p>\n\n\n\n<p><strong>Primer premio:<\/strong> 200\u20ac, un lote de libros y un diploma conmemorativo.<\/p>\n\n\n\n<p><strong>Segundo premio:<\/strong> 150\u20ac, un lote de libros y un diploma conmemorativo.<\/p>\n\n\n\n<p><strong>Tercer premio:<\/strong> 100\u20ac, un lote de libros y un diploma conmemorativo.<\/p>\n\n\n\n<p><strong>Premio especial de \u201ctem\u00e1tica bisbalenca\u201d:<\/strong> 200\u20ac y un diploma conmemorativo<\/p>\n\n\n\n<p><strong>Menci\u00f3n especial del jurado:<\/strong> 100\u20ac y un diploma conmemorativo.<\/p>\n\n\n\n<p>Los premios estar\u00e1n sometidos a las retenciones fiscales correspondientes.<\/p>\n\n\n\n<p>El jurado estar\u00e1 formado por cuatro representantes vinculados al \u00e1mbito de la literatura y la cultura de la Bisbal. El veredicto ser har\u00e1 p\u00fablico el mismo d\u00eda de la entrega de premios. Una vez acordada la concesi\u00f3n de los premios, esta ser\u00e1 notificada a los interesados.<\/p>\n","protected":false},"excerpt":{"rendered":"<p>La Junta de Govern del 22 de febrer va aprovar la convocat\u00f2ria per aquest 2021 del Concurs Literari de Sant Jordi, la 13\u00aa edici\u00f3. Pr\u00f2ximament es publicaran les bases al &hellip; <a href=\"https:\/\/bisbalpenedes.com\/web\/2021\/02\/23\/saproven-les-bases-del-13e-concurs-literari-de-sant-jordi\/\" class=\"more-link\">Read More<\/a><\/p>\n","protected":false},"author":4,"featured_media":14188,"comment_status":"closed","ping_status":"closed","sticky":false,"template":"","format":"standard","meta":[],"categories":[13,8],"tags":[1633,4359,225,4360,342,341],"_links":{"self":[{"href":"https:\/\/bisbalpenedes.com\/web\/wp-json\/wp\/v2\/posts\/16589"}],"collection":[{"href":"https:\/\/bisbalpenedes.com\/web\/wp-json\/wp\/v2\/posts"}],"about":[{"href":"https:\/\/bisbalpenedes.com\/web\/wp-json\/wp\/v2\/types\/post"}],"author":[{"embeddable":true,"href":"https:\/\/bisbalpenedes.com\/web\/wp-json\/wp\/v2\/users\/4"}],"replies":[{"embeddable":true,"href":"https:\/\/bisbalpenedes.com\/web\/wp-json\/wp\/v2\/comments?post=16589"}],"version-history":[{"count":3,"href":"https:\/\/bisbalpenedes.com\/web\/wp-json\/wp\/v2\/posts\/16589\/revisions"}],"predecessor-version":[{"id":16959,"href":"https:\/\/bisbalpenedes.com\/web\/wp-json\/wp\/v2\/posts\/16589\/revisions\/16959"}],"wp:featuredmedia":[{"embeddable":true,"href":"https:\/\/bisbalpenedes.com\/web\/wp-json\/wp\/v2\/media\/14188"}],"wp:attachment":[{"href":"https:\/\/bisbalpenedes.com\/web\/wp-json\/wp\/v2\/media?parent=16589"}],"wp:term":[{"taxonomy":"category","embeddable":true,"href":"https:\/\/bisbalpenedes.com\/web\/wp-json\/wp\/v2\/categories?post=16589"},{"taxonomy":"post_tag","embeddable":true,"href":"https:\/\/bisbalpenedes.com\/web\/wp-json\/wp\/v2\/tags?post=16589"}],"curies":[{"name":"wp","href":"https:\/\/api.w.org\/{rel}","templated":true}]}}