{"id":1658,"date":"2016-05-09T16:01:59","date_gmt":"2016-05-09T10:01:59","guid":{"rendered":"http:\/\/bisbalpenedes.com\/web\/?p=1658"},"modified":"2016-05-09T16:01:59","modified_gmt":"2016-05-09T10:01:59","slug":"sisena-mostra-de-grups-de-musica-del-baix-penedes-a-la-bisbal-del-penedes","status":"publish","type":"post","link":"https:\/\/bisbalpenedes.com\/web\/2016\/05\/09\/sisena-mostra-de-grups-de-musica-del-baix-penedes-a-la-bisbal-del-penedes\/","title":{"rendered":"Sisena MOSTRA DE GRUPS DE M\u00daSICA DEL BAIX PENED\u00c8S a LA BISBAL DEL PENED\u00c8S"},"content":{"rendered":"<p>Sisena MOSTRA DE GRUPS DE M\u00daSICA DEL BAIX PENED\u00c8S a LA BISBAL DEL PENED\u00c8S<\/p>\n<p>Dissabe 21 de maig de 2016<br \/>\nAl mat\u00ed<br \/>\n11:00h Al Centre Municipal de Cultura. Recepci\u00f3 dels participants a les Jornades Professionals amb caf\u00e9 de benvinguda i m\u00fasica a c\u00e0rrec del DJ Miki.<br \/>\n11:30h A l\u2019Auditori del Centre Municipal de Cultura. Xerrada: \u201cEl Pla Integral de la M\u00fasica. Una gran oportunitat\u201d, a c\u00e0rrec d\u2019Albert Bardolet (ICEC)<br \/>\n12:30h A l\u2019Auditori del Centre Municipal de Cultura. Concert de Javier Van Velthoven<br \/>\n13:00h A la pla\u00e7a de l\u2019Esgl\u00e9sia. Concert vermut a c\u00e0rrec de les Gralles del Baix Pened\u00e8s amb la col.laboraci\u00f3 de les Gralles del Grup de Geganters de la Bisbal<br \/>\n13:45h Al Centre Municipal de Cultura. Dinar de triple maridatge amb plats del restaurant Ull de Llebre, vins i caves dels Cellers Domenys i m\u00fasica amb el duet Ericah &#038; Max i tot seguit caf\u00e8 i rom cremat amb concert a c\u00e0rrec del grup d\u2019havaneres Veles i Vents. (per aquest maridatge cal inscripci\u00f3 pr\u00e8via a: secretaria@ambp.cat o al 644225755. Aquest acte \u00e9s de pagament)<\/p>\n<p>A la tarda<br \/>\n16:30h A l\u2019Auditori del Centre Municipal de Cultura. Taula rodona: \u201cLa integraci\u00f3 social a trav\u00e9s de la m\u00fasica\u201d, amb la participaci\u00f3n d\u2019Albert Bardolet, director de l\u2019\u00c0rea de M\u00fasica de l\u2019Institut Catal\u00e0 de les Empreses Culturals de la Generalitat de Catalunya; Llu\u00eds Cabrera, Fundador del Taller de M\u00fasics; Mart\u00ed Marf\u00e0, responsable de l\u2019\u00c0rea de Projectes Socials del Taller de M\u00fasics; Mireia Besora; Titulada en Pedagogia per l\u2019ESMUC i codirectora del projecte Xamfr\u00e0; Arnau G\u00f3mez, coordinador del Projecte Un Infant Un Instrument; i Pere Sallent, periodista de RTV el Vendrell, com a moderador<br \/>\n18:30h A l\u2019Auditori del Centre Municipal de Cultura. Concert amb La Veu Humana<br \/>\n19:00h A l\u2019Auditori del Centre Municipal de Cultura. Presentaci\u00f3 de la Guia 2016, amb la presencia de Jordi Agr\u00e0s i Estalella, director dels Serveis Terriorials de Cultura a Tarragona; Agn\u00e8s Ferr\u00e9 Ca\u00f1ellas, alcaldessa de l\u2019Ajuntament de la Bisbal del Pened\u00e8s, i Jordi L\u00f3pez Serra, president de l\u2019AMBP.<br \/>\n19:30h Pels carrers de la Bisbal, Cercavila de l\u2019Agrupaci\u00f3 Musical Santa Anna, que finalitzar\u00e0 al pati de l\u2019Escola<br \/>\nMacroconcert VI Mostra<\/p>\n<p>Al pati de l\u2019Escola Ull de Vent<br \/>\nA partir de les 20:00h fins a les 2:00h, actuaci\u00f3 de: Bellvei Band, Avoi Ja\u00e7\u00e7 Quartet, Jazz Attack Quartet i Javi Mart\u00ednez, Xavier Pi\u00e9 i Macc, Et Co*, R\u00eaver, Sumerio, Bateman 206, Sijah and the Sirius Band, Yoga Flame i Ramastons<br \/>\nDe les 21:00 a les 23:00 hi haur\u00e0 botifarrada popular<br \/>\nOrganitza: Associaci\u00f3 de M\u00fasics del Baix Pened\u00e8s i Ajuntament de la Bisbal del Pened\u00e8s, amb la col.laboraci\u00f3 del Departament de Cultura de la Generalitat, Diputaci\u00f3 de Tarragona, Consell Comarcal del Baix Pened\u00e8s, Servei de Desenvolupament empresarial, Acad\u00e8mia Catalana de la M\u00fasica, Raich Sonoritzacions, Associaci\u00f3 de M\u00fasica de Tarragona, GAES, Uni\u00f3 Empresarial del Pened\u00e8s, Mapfre, Restaurant Ull de Llebre i Colla Castellera els Bous de la Bisbal<\/p>\n<p><a href=\"http:\/\/bisbalpenedes.com\/web\/wp-content\/uploads\/2016\/05\/mostra_musica16.jpg\"><img loading=\"lazy\" src=\"http:\/\/bisbalpenedes.com\/web\/wp-content\/uploads\/2016\/05\/mostra_musica16-194x300.jpg\" alt=\"\" title=\"mostra_musica16\" width=\"194\" height=\"300\" class=\"alignleft size-medium wp-image-1659\" srcset=\"https:\/\/bisbalpenedes.com\/web\/wp-content\/uploads\/2016\/05\/mostra_musica16-194x300.jpg 194w, https:\/\/bisbalpenedes.com\/web\/wp-content\/uploads\/2016\/05\/mostra_musica16.jpg 467w\" sizes=\"(max-width: 194px) 100vw, 194px\" \/><\/a><\/p>\n","protected":false},"excerpt":{"rendered":"<p>Sisena MOSTRA DE GRUPS DE M\u00daSICA DEL BAIX PENED\u00c8S a LA BISBAL DEL PENED\u00c8S Dissabe 21 de maig de 2016 Al mat\u00ed 11:00h Al Centre Municipal de Cultura. Recepci\u00f3 dels &hellip; <a href=\"https:\/\/bisbalpenedes.com\/web\/2016\/05\/09\/sisena-mostra-de-grups-de-musica-del-baix-penedes-a-la-bisbal-del-penedes\/\" class=\"more-link\">Read More<\/a><\/p>\n","protected":false},"author":1,"featured_media":1659,"comment_status":"closed","ping_status":"closed","sticky":false,"template":"","format":"standard","meta":[],"categories":[13],"tags":[],"_links":{"self":[{"href":"https:\/\/bisbalpenedes.com\/web\/wp-json\/wp\/v2\/posts\/1658"}],"collection":[{"href":"https:\/\/bisbalpenedes.com\/web\/wp-json\/wp\/v2\/posts"}],"about":[{"href":"https:\/\/bisbalpenedes.com\/web\/wp-json\/wp\/v2\/types\/post"}],"author":[{"embeddable":true,"href":"https:\/\/bisbalpenedes.com\/web\/wp-json\/wp\/v2\/users\/1"}],"replies":[{"embeddable":true,"href":"https:\/\/bisbalpenedes.com\/web\/wp-json\/wp\/v2\/comments?post=1658"}],"version-history":[{"count":1,"href":"https:\/\/bisbalpenedes.com\/web\/wp-json\/wp\/v2\/posts\/1658\/revisions"}],"predecessor-version":[{"id":1660,"href":"https:\/\/bisbalpenedes.com\/web\/wp-json\/wp\/v2\/posts\/1658\/revisions\/1660"}],"wp:featuredmedia":[{"embeddable":true,"href":"https:\/\/bisbalpenedes.com\/web\/wp-json\/wp\/v2\/media\/1659"}],"wp:attachment":[{"href":"https:\/\/bisbalpenedes.com\/web\/wp-json\/wp\/v2\/media?parent=1658"}],"wp:term":[{"taxonomy":"category","embeddable":true,"href":"https:\/\/bisbalpenedes.com\/web\/wp-json\/wp\/v2\/categories?post=1658"},{"taxonomy":"post_tag","embeddable":true,"href":"https:\/\/bisbalpenedes.com\/web\/wp-json\/wp\/v2\/tags?post=1658"}],"curies":[{"name":"wp","href":"https:\/\/api.w.org\/{rel}","templated":true}]}}