{"id":16566,"date":"2021-02-23T11:29:28","date_gmt":"2021-02-23T09:29:28","guid":{"rendered":"https:\/\/bisbalpenedes.com\/web\/?p=16566"},"modified":"2021-02-23T11:29:28","modified_gmt":"2021-02-23T09:29:28","slug":"presspost-2021-medi-ambient-parcs-i-vies-publiques","status":"publish","type":"post","link":"https:\/\/bisbalpenedes.com\/web\/2021\/02\/23\/presspost-2021-medi-ambient-parcs-i-vies-publiques\/","title":{"rendered":"Presspost 2021 &#8211; Medi Ambient, Parcs i Vies P\u00fabliques"},"content":{"rendered":"\n<p>En aquest tercer v\u00eddeo sobre el pressupost municipal 2021, la regidora de Via P\u00fablica i Medi Ambient, Leo Uceda, ens parla de les despeses d&#8217;algunes de les seves \u00e0rees.<\/p>\n\n\n\n<hr class=\"wp-block-separator\"\/>\n\n\n\n<p>En este segundo v\u00eddeo sobre el presupuesto municipal 2021, la concejala de V\u00eda P\u00fablica y Medio Ambiente, Leo Uceda, nos habla de los gastos de algunas de sus \u00e1reas.<\/p>\n\n\n\n<figure class=\"wp-block-embed is-type-video is-provider-youtube wp-block-embed-youtube wp-embed-aspect-16-9 wp-has-aspect-ratio\"><div class=\"wp-block-embed__wrapper\">\n<iframe loading=\"lazy\" title=\"Presspost 2021 - Medi Ambient, Parcs i Vies P\u00fabliques\" width=\"1170\" height=\"658\" src=\"https:\/\/www.youtube.com\/embed\/I_4WuJxi5II?feature=oembed\" frameborder=\"0\" allow=\"accelerometer; autoplay; clipboard-write; encrypted-media; gyroscope; picture-in-picture\" allowfullscreen><\/iframe>\n<\/div><\/figure>\n","protected":false},"excerpt":{"rendered":"<p>En aquest tercer v\u00eddeo sobre el pressupost municipal 2021, la regidora de Via P\u00fablica i Medi Ambient, Leo Uceda, ens parla de les despeses d&#8217;algunes de les seves \u00e0rees. En &hellip; <a href=\"https:\/\/bisbalpenedes.com\/web\/2021\/02\/23\/presspost-2021-medi-ambient-parcs-i-vies-publiques\/\" class=\"more-link\">Read More<\/a><\/p>\n","protected":false},"author":4,"featured_media":16567,"comment_status":"closed","ping_status":"closed","sticky":false,"template":"","format":"standard","meta":[],"categories":[3835,8],"tags":[2411,220,4355,515,1930],"_links":{"self":[{"href":"https:\/\/bisbalpenedes.com\/web\/wp-json\/wp\/v2\/posts\/16566"}],"collection":[{"href":"https:\/\/bisbalpenedes.com\/web\/wp-json\/wp\/v2\/posts"}],"about":[{"href":"https:\/\/bisbalpenedes.com\/web\/wp-json\/wp\/v2\/types\/post"}],"author":[{"embeddable":true,"href":"https:\/\/bisbalpenedes.com\/web\/wp-json\/wp\/v2\/users\/4"}],"replies":[{"embeddable":true,"href":"https:\/\/bisbalpenedes.com\/web\/wp-json\/wp\/v2\/comments?post=16566"}],"version-history":[{"count":1,"href":"https:\/\/bisbalpenedes.com\/web\/wp-json\/wp\/v2\/posts\/16566\/revisions"}],"predecessor-version":[{"id":16568,"href":"https:\/\/bisbalpenedes.com\/web\/wp-json\/wp\/v2\/posts\/16566\/revisions\/16568"}],"wp:featuredmedia":[{"embeddable":true,"href":"https:\/\/bisbalpenedes.com\/web\/wp-json\/wp\/v2\/media\/16567"}],"wp:attachment":[{"href":"https:\/\/bisbalpenedes.com\/web\/wp-json\/wp\/v2\/media?parent=16566"}],"wp:term":[{"taxonomy":"category","embeddable":true,"href":"https:\/\/bisbalpenedes.com\/web\/wp-json\/wp\/v2\/categories?post=16566"},{"taxonomy":"post_tag","embeddable":true,"href":"https:\/\/bisbalpenedes.com\/web\/wp-json\/wp\/v2\/tags?post=16566"}],"curies":[{"name":"wp","href":"https:\/\/api.w.org\/{rel}","templated":true}]}}