{"id":1652,"date":"2016-05-04T21:44:02","date_gmt":"2016-05-04T15:44:02","guid":{"rendered":"http:\/\/bisbalpenedes.com\/web\/?p=1652"},"modified":"2016-05-04T21:44:02","modified_gmt":"2016-05-04T15:44:02","slug":"preinscripccions-i-matricula-per-a-la-llar-dinfants-municipal-loreneta","status":"publish","type":"post","link":"https:\/\/bisbalpenedes.com\/web\/2016\/05\/04\/preinscripccions-i-matricula-per-a-la-llar-dinfants-municipal-loreneta\/","title":{"rendered":"Preinscripccions i Matr\u00edcula per a la Llar d&#8217;Infants Municipal l&#8217;Oreneta"},"content":{"rendered":"<p>Des de la Regidoria d&#8217;Educaci\u00f3 us recordem les dates i condicions de Preinscripccions i Matr\u00edcula per a la Llar d&#8217;Infants Municipal l&#8217;Oreneta per al curs 2016-17<br \/>\nDOCUMENTACI\u00d3<br \/>\nEl formulari de sol\u2022licitud s&#8217;ha de presentar, en tots els casos, acompanyat de la documentaci\u00f3 identificativa seg\u00fcent:<br \/>\nOriginal i fotoc\u00f2pia del llibre de fam\u00edlia o altres documents relatius a la filiaci\u00f3. Si l&#8217;alumne o alumna est\u00e0 en situaci\u00f3 d&#8217;acolliment, la resoluci\u00f3 d&#8217;acolliment del Departament de Treball, Afers socials i Fam\u00edlies.<br \/>\nOriginal i fotoc\u00f2pia del DNI de la persona sol\u2022licitant (pare, mare, tutor o tutora o guardador o guardadora de fet) o, si la persona sol\u2022licitant \u00e9s estrangera, de la targeta de resid\u00e8ncia on consta el NIE o del passaport. Si es tracta d&#8217;estrangers comunitaris, document d&#8217;identitat del pa\u00eds d&#8217;origen.<br \/>\nOriginal i fotoc\u00f2pia de la TSI (targeta sanit\u00e0ria individual) del nen o nena, si en disposa.<br \/>\nLes persones que al\u2022leguen el compliment d&#8217;un o m\u00e9s criteris de prioritat (generals o complementaris) han de presentar la documentaci\u00f3 que s&#8217;indica al web Estudiar a Catalunya.<br \/>\nREQUISITS<br \/>\nPer ser adm\u00e8s o admesa en una escola bressol o una llar d&#8217;infants p\u00fablica, el nen o la nena ha de tenir, com a m\u00ednim, 16 setmanes a l&#8217;inici del curs 2016-2017.<br \/>\nCALENDARI<br \/>\nPresentaci\u00f3 de sol\u2022licituds: del 9 al 20 de maig de 2016. A LA LLAR D\u2019INFANTS.<br \/>\nPublicaci\u00f3 de les llistes de sol\u2022licituds amb la puntuaci\u00f3 provisional: 23 de maig de 2016<br \/>\nTermini per presentar reclamacions: 24, 25 i 26 de maig de 2016<br \/>\nPublicaci\u00f3 de la llista de sol\u2022licituds al centre amb la puntuaci\u00f3 definitiva, dels infants admesos i, si escau, de la la llista d&#8217;espera: 3 de juny de 2016.<br \/>\nPer\u00edode de matricula: del 6 al 10 de juny de 2016 A L\u2019AJUNTAMENT.<\/p>\n<p><a href=\"http:\/\/bisbalpenedes.com\/web\/wp-content\/uploads\/2016\/05\/llar_preinscrip.jpg\"><img loading=\"lazy\" src=\"http:\/\/bisbalpenedes.com\/web\/wp-content\/uploads\/2016\/05\/llar_preinscrip-300x225.jpg\" alt=\"\" title=\"llar_preinscrip\" width=\"300\" height=\"225\" class=\"alignleft size-medium wp-image-1653\" srcset=\"https:\/\/bisbalpenedes.com\/web\/wp-content\/uploads\/2016\/05\/llar_preinscrip-300x225.jpg 300w, https:\/\/bisbalpenedes.com\/web\/wp-content\/uploads\/2016\/05\/llar_preinscrip-600x450.jpg 600w, https:\/\/bisbalpenedes.com\/web\/wp-content\/uploads\/2016\/05\/llar_preinscrip-1024x768.jpg 1024w, https:\/\/bisbalpenedes.com\/web\/wp-content\/uploads\/2016\/05\/llar_preinscrip.jpg 1500w\" sizes=\"(max-width: 300px) 100vw, 300px\" \/><\/a><\/p>\n","protected":false},"excerpt":{"rendered":"<p>Des de la Regidoria d&#8217;Educaci\u00f3 us recordem les dates i condicions de Preinscripccions i Matr\u00edcula per a la Llar d&#8217;Infants Municipal l&#8217;Oreneta per al curs 2016-17 DOCUMENTACI\u00d3 El formulari de &hellip; <a href=\"https:\/\/bisbalpenedes.com\/web\/2016\/05\/04\/preinscripccions-i-matricula-per-a-la-llar-dinfants-municipal-loreneta\/\" class=\"more-link\">Read More<\/a><\/p>\n","protected":false},"author":1,"featured_media":1653,"comment_status":"closed","ping_status":"closed","sticky":false,"template":"","format":"standard","meta":[],"categories":[16],"tags":[181,159,183,182],"_links":{"self":[{"href":"https:\/\/bisbalpenedes.com\/web\/wp-json\/wp\/v2\/posts\/1652"}],"collection":[{"href":"https:\/\/bisbalpenedes.com\/web\/wp-json\/wp\/v2\/posts"}],"about":[{"href":"https:\/\/bisbalpenedes.com\/web\/wp-json\/wp\/v2\/types\/post"}],"author":[{"embeddable":true,"href":"https:\/\/bisbalpenedes.com\/web\/wp-json\/wp\/v2\/users\/1"}],"replies":[{"embeddable":true,"href":"https:\/\/bisbalpenedes.com\/web\/wp-json\/wp\/v2\/comments?post=1652"}],"version-history":[{"count":1,"href":"https:\/\/bisbalpenedes.com\/web\/wp-json\/wp\/v2\/posts\/1652\/revisions"}],"predecessor-version":[{"id":1654,"href":"https:\/\/bisbalpenedes.com\/web\/wp-json\/wp\/v2\/posts\/1652\/revisions\/1654"}],"wp:featuredmedia":[{"embeddable":true,"href":"https:\/\/bisbalpenedes.com\/web\/wp-json\/wp\/v2\/media\/1653"}],"wp:attachment":[{"href":"https:\/\/bisbalpenedes.com\/web\/wp-json\/wp\/v2\/media?parent=1652"}],"wp:term":[{"taxonomy":"category","embeddable":true,"href":"https:\/\/bisbalpenedes.com\/web\/wp-json\/wp\/v2\/categories?post=1652"},{"taxonomy":"post_tag","embeddable":true,"href":"https:\/\/bisbalpenedes.com\/web\/wp-json\/wp\/v2\/tags?post=1652"}],"curies":[{"name":"wp","href":"https:\/\/api.w.org\/{rel}","templated":true}]}}