{"id":16511,"date":"2021-02-22T13:40:31","date_gmt":"2021-02-22T11:40:31","guid":{"rendered":"https:\/\/bisbalpenedes.com\/web\/?p=16511"},"modified":"2021-02-22T13:45:57","modified_gmt":"2021-02-22T11:45:57","slug":"informacio-important-daqualia-per-a-la-ciutadania","status":"publish","type":"post","link":"https:\/\/bisbalpenedes.com\/web\/2021\/02\/22\/informacio-important-daqualia-per-a-la-ciutadania\/","title":{"rendered":"Informaci\u00f3 important d\u2019Aqualia per a la ciutadania"},"content":{"rendered":"\n<p>Amb l\u2019objectiu de pal\u00b7liar els efectes econ\u00f2mics de la pand\u00e8mia de COVID-19, una de les mesures de car\u00e0cter tributari que es van prendre des de la Generalitat de Catalunya va ser la de reduir el 50% les tarifes sobre la repercussi\u00f3 del c\u00e0non d\u2019aigua de l\u20191 d\u2019abril al 31 de maig de 2020, per a totes les tipologies de consum. No obstant aix\u00f2, Aqualia ens ha informat que va aplicar la reducci\u00f3 de forma err\u00f2nia entre els mesos d\u2019abril a octubre i, per aquest motiu, es rectificaran les factures de juny a octubre de 2020, pel que fa a la repercussi\u00f3 del c\u00e0non d\u2019aquests mesos en qu\u00e8 es va aplicar err\u00f2niament la modificaci\u00f3, per regularitzar la situaci\u00f3 en compliment d\u2019all\u00f2 que indiquen exactament les mesures tribut\u00e0ries.<\/p>\n\n\n\n<p>Els imports totals que reclamar\u00e0 la companyia van de menys de 20\u20ac als 50\u20ac, depenent del consum dels mesos de juny a octubre de 2020. Des d\u2019Aqualia ens han informat que pr\u00f2ximament enviaran una carta explicativa als usuaris i usu\u00e0ries, amb c\u00f2pia de les factures rectificatives o abonaments de les emeses err\u00f2niament i de les factures corregides amb els preus correctes. Tamb\u00e9 ens han fet saber que oferiran la possibilitat de fraccionar el pagament d\u2019aquest import de tres terminis. Per sol\u00b7licitar-ho, cal que els usuaris envi\u00efn un correu electr\u00f2nic a <a href=\"mailto:AquaBisbalDelPenedes@fcc.es\">AquaBisbalDelPenedes@fcc.es<\/a>, abans del 20 de mar\u00e7 de 2021, indicant el n\u00famero de contracte i la petici\u00f3 de fraccionament. Aquelles persones que vulguin fraccionar aquest import i no disposin de correu electr\u00f2nic, poden adre\u00e7ar-se a les oficines municipals, on se\u2019ls facilitar\u00e0 la gesti\u00f3.<\/p>\n\n\n\n<p>Aqualia enviar\u00e0 un c\u00e0rrec bancari amb l\u2019import a regularitzar a partir del 20 de mar\u00e7 i, en cas de sol\u00b7licitar el fraccionament, indicar\u00e0 els terminis als usuaris.<\/p>\n\n\n\n<hr class=\"wp-block-separator\"\/>\n\n\n\n<p><strong>CASTELLANO |<\/strong> Con el objetivo de paliar los efectos econ\u00f3micos de la pandemia de COVID-19, una de las medidas de car\u00e1cter tributario que se tomaron desde la Generalitat de Catalunya fue la de reducir el 50% las tarifas sobre la repercusi\u00f3n del canon de agua del 1 de abril al 31 de mayo de 2020, para todas las tipolog\u00edas de consumo. No obstante, Aqualia nos ha informado de que aplic\u00f3 la reducci\u00f3n de forma err\u00f3nea entre los meses de abril y octubre y, por este motivo, se rectificar\u00e1n las facturas de junio a octubre de 2021, en referencia a la repercusi\u00f3n del canon de estos meses en los que se aplic\u00f3 de forma err\u00f3nea la modificaci\u00f3n, para regularizar la situaci\u00f3n en cumplimiento de aquello que indican exactamente las medidas tributarias.<\/p>\n\n\n\n<p>Los importes totales que reclamar\u00e1 la compa\u00f1\u00eda van de menos de 20\u20ac a los 50\u20ac, dependiendo del consumo de los meses de junio a octubre de 2020. Desde Aqualia nos han informado de que pr\u00f3ximamente enviar\u00e1n una carta explicativa a los usuarios y usuarias, con copia de las facturas rectificativas o abonos de las emitidas err\u00f3neamente y de las facturas corregidas con los precios correctos. Tambi\u00e9n nos han hecho saber que ofrecer\u00e1n la posibilidad de fraccionar el pago de este importe en tres plazos. Para solicitarlo, es necesario que los usuarios manden un correo electr\u00f3nico a <a href=\"mailto:AquaBisbalDelPenedes@fcc.es\">AquaBisbalDelPenedes@fcc.es<\/a>, antes del 20 de marzo de 2021, indicando el n\u00famero de contrato y la petici\u00f3n de fraccionamiento. Aquellas personas que quieran fraccionar este importe y no dispongan de correo electr\u00f3nico, pueden dirigirse a las oficinas municipales, donde se les facilitar\u00e1 la gesti\u00f3n.<\/p>\n\n\n\n<p>Aqualia mandar\u00e1 un cargo bancario con el importe a regularizar a partir del 20 de marzo y, en caso de solicitar el fraccionamiento, indicar\u00e1 los plazos a los usuarios.<\/p>\n","protected":false},"excerpt":{"rendered":"<p>Amb l\u2019objectiu de pal\u00b7liar els efectes econ\u00f2mics de la pand\u00e8mia de COVID-19, una de les mesures de car\u00e0cter tributari que es van prendre des de la Generalitat de Catalunya va &hellip; <a href=\"https:\/\/bisbalpenedes.com\/web\/2021\/02\/22\/informacio-important-daqualia-per-a-la-ciutadania\/\" class=\"more-link\">Read More<\/a><\/p>\n","protected":false},"author":4,"featured_media":9289,"comment_status":"closed","ping_status":"closed","sticky":false,"template":"","format":"standard","meta":[],"categories":[13,8],"tags":[161,649,3209,3559,2684],"_links":{"self":[{"href":"https:\/\/bisbalpenedes.com\/web\/wp-json\/wp\/v2\/posts\/16511"}],"collection":[{"href":"https:\/\/bisbalpenedes.com\/web\/wp-json\/wp\/v2\/posts"}],"about":[{"href":"https:\/\/bisbalpenedes.com\/web\/wp-json\/wp\/v2\/types\/post"}],"author":[{"embeddable":true,"href":"https:\/\/bisbalpenedes.com\/web\/wp-json\/wp\/v2\/users\/4"}],"replies":[{"embeddable":true,"href":"https:\/\/bisbalpenedes.com\/web\/wp-json\/wp\/v2\/comments?post=16511"}],"version-history":[{"count":1,"href":"https:\/\/bisbalpenedes.com\/web\/wp-json\/wp\/v2\/posts\/16511\/revisions"}],"predecessor-version":[{"id":16513,"href":"https:\/\/bisbalpenedes.com\/web\/wp-json\/wp\/v2\/posts\/16511\/revisions\/16513"}],"wp:featuredmedia":[{"embeddable":true,"href":"https:\/\/bisbalpenedes.com\/web\/wp-json\/wp\/v2\/media\/9289"}],"wp:attachment":[{"href":"https:\/\/bisbalpenedes.com\/web\/wp-json\/wp\/v2\/media?parent=16511"}],"wp:term":[{"taxonomy":"category","embeddable":true,"href":"https:\/\/bisbalpenedes.com\/web\/wp-json\/wp\/v2\/categories?post=16511"},{"taxonomy":"post_tag","embeddable":true,"href":"https:\/\/bisbalpenedes.com\/web\/wp-json\/wp\/v2\/tags?post=16511"}],"curies":[{"name":"wp","href":"https:\/\/api.w.org\/{rel}","templated":true}]}}