{"id":16507,"date":"2021-02-22T10:36:45","date_gmt":"2021-02-22T08:36:45","guid":{"rendered":"https:\/\/bisbalpenedes.com\/web\/?p=16507"},"modified":"2021-02-22T10:38:14","modified_gmt":"2021-02-22T08:38:14","slug":"pressupost-2021-evolucio-dels-pressupostos-i-del-deute-municipal","status":"publish","type":"post","link":"https:\/\/bisbalpenedes.com\/web\/2021\/02\/22\/pressupost-2021-evolucio-dels-pressupostos-i-del-deute-municipal\/","title":{"rendered":"Pressupost 2021 &#8211; Evoluci\u00f3 dels pressupostos i del deute municipal"},"content":{"rendered":"\n<figure class=\"wp-block-embed is-type-video is-provider-youtube wp-block-embed-youtube wp-embed-aspect-16-9 wp-has-aspect-ratio\"><div class=\"wp-block-embed__wrapper\">\n<iframe loading=\"lazy\" title=\"Pressupost 2021 - Evoluci\u00f3 dels pressupostos i del deute municipal\" width=\"1170\" height=\"658\" src=\"https:\/\/www.youtube.com\/embed\/xMLEqe-ZMDc?feature=oembed\" frameborder=\"0\" allow=\"accelerometer; autoplay; clipboard-write; encrypted-media; gyroscope; picture-in-picture\" allowfullscreen><\/iframe>\n<\/div><\/figure>\n\n\n\n<p>Enguany, tenint en compte la situaci\u00f3 sanit\u00e0ria actual, no es faran les reunions explicatives del pressupost municipal 2021 als diferents barris del municipi. Per aquest motiu, els membres de l&#8217;equip de govern han preparat un seguit de v\u00eddeos explicatius sobre el pressupost d&#8217;enguany.&nbsp;<\/p>\n\n\n\n<p>En aquest primer v\u00eddeo, l&#8217;alcaldessa Ang\u00e8s Ferr\u00e9 parla sobre l&#8217;evoluci\u00f3 dels pressupostos dels darrers anys i del deute municipal.<\/p>\n\n\n\n<hr class=\"wp-block-separator\"\/>\n\n\n\n<p>CASTELLANO | Este a\u00f1o, teniendo en cuenta la situaci\u00f3n sanitaria actual, no se har\u00e1n las reuniones explicativas del presupuesto municipal 2021 en los distintos barrios del municipio. Por este motivo, los miembros del equipo de gobierno han preparado una serie de v\u00eddeos explicativos sobre el presupuesto de este a\u00f1o.\u00a0<\/p>\n\n\n\n<p>En este primer v\u00eddeo, la alcaldesa Agn\u00e8s Ferr\u00e9 habla sobre la evoluci\u00f3n de los presupuestos de los \u00faltimos a\u00f1os y la deuda municipal.<\/p>\n","protected":false},"excerpt":{"rendered":"<p>Enguany, tenint en compte la situaci\u00f3 sanit\u00e0ria actual, no es faran les reunions explicatives del pressupost municipal 2021 als diferents barris del municipi. Per aquest motiu, els membres de l&#8217;equip &hellip; <a href=\"https:\/\/bisbalpenedes.com\/web\/2021\/02\/22\/pressupost-2021-evolucio-dels-pressupostos-i-del-deute-municipal\/\" class=\"more-link\">Read More<\/a><\/p>\n","protected":false},"author":4,"featured_media":16508,"comment_status":"closed","ping_status":"closed","sticky":false,"template":"","format":"standard","meta":[],"categories":[3835,8],"tags":[4352,3486],"_links":{"self":[{"href":"https:\/\/bisbalpenedes.com\/web\/wp-json\/wp\/v2\/posts\/16507"}],"collection":[{"href":"https:\/\/bisbalpenedes.com\/web\/wp-json\/wp\/v2\/posts"}],"about":[{"href":"https:\/\/bisbalpenedes.com\/web\/wp-json\/wp\/v2\/types\/post"}],"author":[{"embeddable":true,"href":"https:\/\/bisbalpenedes.com\/web\/wp-json\/wp\/v2\/users\/4"}],"replies":[{"embeddable":true,"href":"https:\/\/bisbalpenedes.com\/web\/wp-json\/wp\/v2\/comments?post=16507"}],"version-history":[{"count":2,"href":"https:\/\/bisbalpenedes.com\/web\/wp-json\/wp\/v2\/posts\/16507\/revisions"}],"predecessor-version":[{"id":16510,"href":"https:\/\/bisbalpenedes.com\/web\/wp-json\/wp\/v2\/posts\/16507\/revisions\/16510"}],"wp:featuredmedia":[{"embeddable":true,"href":"https:\/\/bisbalpenedes.com\/web\/wp-json\/wp\/v2\/media\/16508"}],"wp:attachment":[{"href":"https:\/\/bisbalpenedes.com\/web\/wp-json\/wp\/v2\/media?parent=16507"}],"wp:term":[{"taxonomy":"category","embeddable":true,"href":"https:\/\/bisbalpenedes.com\/web\/wp-json\/wp\/v2\/categories?post=16507"},{"taxonomy":"post_tag","embeddable":true,"href":"https:\/\/bisbalpenedes.com\/web\/wp-json\/wp\/v2\/tags?post=16507"}],"curies":[{"name":"wp","href":"https:\/\/api.w.org\/{rel}","templated":true}]}}