{"id":16500,"date":"2021-02-18T18:17:26","date_gmt":"2021-02-18T16:17:26","guid":{"rendered":"https:\/\/bisbalpenedes.com\/web\/?p=16500"},"modified":"2021-02-18T18:18:17","modified_gmt":"2021-02-18T16:18:17","slug":"ja-han-comencat-les-obres-denderroc-de-la-fassina","status":"publish","type":"post","link":"https:\/\/bisbalpenedes.com\/web\/2021\/02\/18\/ja-han-comencat-les-obres-denderroc-de-la-fassina\/","title":{"rendered":"Ja han comen\u00e7at les obres d&#8217;enderroc de la fassina"},"content":{"rendered":"\n<figure class=\"wp-block-image size-large\"><img loading=\"lazy\" width=\"825\" height=\"941\" src=\"https:\/\/bisbalpenedes.com\/web\/wp-content\/uploads\/2021\/02\/enderroc-fassina-1.jpg\" alt=\"\" class=\"wp-image-16501\" srcset=\"https:\/\/bisbalpenedes.com\/web\/wp-content\/uploads\/2021\/02\/enderroc-fassina-1.jpg 825w, https:\/\/bisbalpenedes.com\/web\/wp-content\/uploads\/2021\/02\/enderroc-fassina-1-600x684.jpg 600w, https:\/\/bisbalpenedes.com\/web\/wp-content\/uploads\/2021\/02\/enderroc-fassina-1-263x300.jpg 263w, https:\/\/bisbalpenedes.com\/web\/wp-content\/uploads\/2021\/02\/enderroc-fassina-1-768x876.jpg 768w\" sizes=\"(max-width: 825px) 100vw, 825px\" \/><\/figure>\n\n\n\n<p>Ja han comen\u00e7at les obres d\u2019enderroc de les edificacions de la fassina, a excepci\u00f3 de la Torre. Les obres s\u2019han adjudicat a l\u2019empresa Obres i Serveis Roig S.A. per 56.745,72\u20ac.<\/p>\n\n\n\n<p><br>L\u2019antiga fassina \u00e9s un edifici de 486 m2 que l\u2019Ajuntament va adquirir l\u2019abril de 2019 i que, antigament, s\u2019havia destinat a la fabricaci\u00f3 de licors destil\u2022lats i aiguardent. La part de m\u00e9s al\u00e7ada, amb un total de 15 metres, \u00e9s una torre que sobresurt del perfil del nucli urb\u00e0 de la Bisbal i que ja forma part de l\u2019skyline del municipi. Aquesta es vol destinar a la Colla Castellera de La Bisbal del Pened\u00e8s (Bous) perqu\u00e8 els membres de l\u2019entitat la puguin fer servir com a local d\u2019assaig. Despr\u00e9s de l\u2019enderroc tamb\u00e9 s\u2019hi construir\u00e0 un local per a la brigada i el magatzem municipal.<br><\/p>\n\n\n\n<hr class=\"wp-block-separator\"\/>\n\n\n\n<p><br>Ya han empezado las obras de derribo de las edificaciones de la destiler\u00eda (<em>la fassina<\/em>), a excepci\u00f3n de la Torre. Las obras se han adjudicado a la empresa Obres i Serveis Roig S.A. por un importe de 56.745,72\u20ac.<\/p>\n\n\n\n<p>La antigua destiler\u00eda es un edificio de 486 m2 que el Ayuntamiento adquiri\u00f3 en abril de 2019 y que, antiguamente, se hab\u00eda destinado a la fabricaci\u00f3n de licores destilados y aguardiente. La parte de m\u00e1s altura, con un total de 15 metros, es una torre que sobresale del perfil del n\u00facleo urbano de la Bisbal y que ya forma parte del skyline del municipio. Esta se quiere destinar a la Colla Castellera de La Bisbal del Pened\u00e8s (Bous) para que los miembros de la entidad la puedan utilizar como local de ensayo. Despu\u00e9s del derribo tambi\u00e9n se construir\u00e1 un local para la brigada y el almac\u00e9n municipal.<\/p>\n","protected":false},"excerpt":{"rendered":"<p>Ja han comen\u00e7at les obres d\u2019enderroc de les edificacions de la fassina, a excepci\u00f3 de la Torre. Les obres s\u2019han adjudicat a l\u2019empresa Obres i Serveis Roig S.A. per 56.745,72\u20ac. &hellip; <a href=\"https:\/\/bisbalpenedes.com\/web\/2021\/02\/18\/ja-han-comencat-les-obres-denderroc-de-la-fassina\/\" class=\"more-link\">Read More<\/a><\/p>\n","protected":false},"author":4,"featured_media":16502,"comment_status":"closed","ping_status":"closed","sticky":false,"template":"","format":"standard","meta":[],"categories":[13,8,15],"tags":[378,4302,225,3318],"_links":{"self":[{"href":"https:\/\/bisbalpenedes.com\/web\/wp-json\/wp\/v2\/posts\/16500"}],"collection":[{"href":"https:\/\/bisbalpenedes.com\/web\/wp-json\/wp\/v2\/posts"}],"about":[{"href":"https:\/\/bisbalpenedes.com\/web\/wp-json\/wp\/v2\/types\/post"}],"author":[{"embeddable":true,"href":"https:\/\/bisbalpenedes.com\/web\/wp-json\/wp\/v2\/users\/4"}],"replies":[{"embeddable":true,"href":"https:\/\/bisbalpenedes.com\/web\/wp-json\/wp\/v2\/comments?post=16500"}],"version-history":[{"count":2,"href":"https:\/\/bisbalpenedes.com\/web\/wp-json\/wp\/v2\/posts\/16500\/revisions"}],"predecessor-version":[{"id":16504,"href":"https:\/\/bisbalpenedes.com\/web\/wp-json\/wp\/v2\/posts\/16500\/revisions\/16504"}],"wp:featuredmedia":[{"embeddable":true,"href":"https:\/\/bisbalpenedes.com\/web\/wp-json\/wp\/v2\/media\/16502"}],"wp:attachment":[{"href":"https:\/\/bisbalpenedes.com\/web\/wp-json\/wp\/v2\/media?parent=16500"}],"wp:term":[{"taxonomy":"category","embeddable":true,"href":"https:\/\/bisbalpenedes.com\/web\/wp-json\/wp\/v2\/categories?post=16500"},{"taxonomy":"post_tag","embeddable":true,"href":"https:\/\/bisbalpenedes.com\/web\/wp-json\/wp\/v2\/tags?post=16500"}],"curies":[{"name":"wp","href":"https:\/\/api.w.org\/{rel}","templated":true}]}}