{"id":16471,"date":"2021-02-17T13:29:41","date_gmt":"2021-02-17T11:29:41","guid":{"rendered":"https:\/\/bisbalpenedes.com\/web\/?p=16471"},"modified":"2021-02-17T13:29:41","modified_gmt":"2021-02-17T11:29:41","slug":"a-partir-de-l1-de-marc-es-modifica-el-sistema-daparcament-del-priorat-de-la-bisbal","status":"publish","type":"post","link":"https:\/\/bisbalpenedes.com\/web\/2021\/02\/17\/a-partir-de-l1-de-marc-es-modifica-el-sistema-daparcament-del-priorat-de-la-bisbal\/","title":{"rendered":"A partir de l&#8217;1 de mar\u00e7 es modifica el sistema d&#8217;aparcament del Priorat de la Bisbal"},"content":{"rendered":"\n<p>Les regidories de Mobilitat i Via P\u00fablica modificaran el sistema d\u2019aparcament del Priorat de la Bisbal a partir del dia 1 de mar\u00e7 amb l\u2019objectiu de millorar l\u2019ordenaci\u00f3 i circulaci\u00f3 de vehicles a la urbanitzaci\u00f3. Del dia 1 al dia 15 de cada mes estar\u00e0 prohibit aparcar al davant dels n\u00fameros parells i del 16 al 31 no es podr\u00e0 aparcar al davant dels n\u00fameros imparells. L\u2019Ajuntament col\u2022locar\u00e0 senyalitzaci\u00f3 informativa a les entrades del Priorat.La regidora de Mobilitat i Via P\u00fablica, Leo Uceda, ha explicat que es tracta d\u2019una prova pilot que est\u00e0 previst que s\u2019implanti en altres urbanitzacions del municipi, una vegada s\u2019hagi vist com ha funcionat al Priorat.<br><\/p>\n\n\n\n<hr class=\"wp-block-separator\"\/>\n\n\n\n<p>Las concejal\u00edas de Movilidad y V\u00eda P\u00fablica modificar\u00e1n el sistema de aparcamiento del Priorat de la Bisbal a partir del d\u00eda 1 de marzo con el objetivo de mejorar la ordenaci\u00f3n y circulaci\u00f3n de veh\u00edculos en la urbanizaci\u00f3n. Del d\u00eda 1 al d\u00eda 15 de cada mes estar\u00e1 prohibido aparcar delante de los n\u00fameros pares y del 16 al 31 no se podr\u00e1 aparcar delante de los n\u00fameros impares. El Ayuntamiento colocar\u00e1 se\u00f1alizaci\u00f3n informativa en las entradas del Priorat.La concejala de Movilidad y V\u00eda P\u00fablica, Leo Uceda, ha explicado que se trata de una prueba piloto que est\u00e1 previsto que se implante en otras urbanizaciones del municipio, una vez se haya visto c\u00f3mo ha funcionado en el Priorat.<\/p>\n","protected":false},"excerpt":{"rendered":"<p>Les regidories de Mobilitat i Via P\u00fablica modificaran el sistema d\u2019aparcament del Priorat de la Bisbal a partir del dia 1 de mar\u00e7 amb l\u2019objectiu de millorar l\u2019ordenaci\u00f3 i circulaci\u00f3 &hellip; <a href=\"https:\/\/bisbalpenedes.com\/web\/2021\/02\/17\/a-partir-de-l1-de-marc-es-modifica-el-sistema-daparcament-del-priorat-de-la-bisbal\/\" class=\"more-link\">Read More<\/a><\/p>\n","protected":false},"author":4,"featured_media":16472,"comment_status":"closed","ping_status":"closed","sticky":false,"template":"","format":"standard","meta":[],"categories":[3482,8],"tags":[330,520],"_links":{"self":[{"href":"https:\/\/bisbalpenedes.com\/web\/wp-json\/wp\/v2\/posts\/16471"}],"collection":[{"href":"https:\/\/bisbalpenedes.com\/web\/wp-json\/wp\/v2\/posts"}],"about":[{"href":"https:\/\/bisbalpenedes.com\/web\/wp-json\/wp\/v2\/types\/post"}],"author":[{"embeddable":true,"href":"https:\/\/bisbalpenedes.com\/web\/wp-json\/wp\/v2\/users\/4"}],"replies":[{"embeddable":true,"href":"https:\/\/bisbalpenedes.com\/web\/wp-json\/wp\/v2\/comments?post=16471"}],"version-history":[{"count":1,"href":"https:\/\/bisbalpenedes.com\/web\/wp-json\/wp\/v2\/posts\/16471\/revisions"}],"predecessor-version":[{"id":16473,"href":"https:\/\/bisbalpenedes.com\/web\/wp-json\/wp\/v2\/posts\/16471\/revisions\/16473"}],"wp:featuredmedia":[{"embeddable":true,"href":"https:\/\/bisbalpenedes.com\/web\/wp-json\/wp\/v2\/media\/16472"}],"wp:attachment":[{"href":"https:\/\/bisbalpenedes.com\/web\/wp-json\/wp\/v2\/media?parent=16471"}],"wp:term":[{"taxonomy":"category","embeddable":true,"href":"https:\/\/bisbalpenedes.com\/web\/wp-json\/wp\/v2\/categories?post=16471"},{"taxonomy":"post_tag","embeddable":true,"href":"https:\/\/bisbalpenedes.com\/web\/wp-json\/wp\/v2\/tags?post=16471"}],"curies":[{"name":"wp","href":"https:\/\/api.w.org\/{rel}","templated":true}]}}