{"id":16464,"date":"2021-02-16T08:37:07","date_gmt":"2021-02-16T06:37:07","guid":{"rendered":"https:\/\/bisbalpenedes.com\/web\/?p=16464"},"modified":"2021-02-16T08:39:52","modified_gmt":"2021-02-16T06:39:52","slug":"el-dissabte-20-de-febrer-a-les-18h-projectarem-la-boda-de-rosa-la-pellicula-te-5-nominacions-als-premis-gaudi","status":"publish","type":"post","link":"https:\/\/bisbalpenedes.com\/web\/2021\/02\/16\/el-dissabte-20-de-febrer-a-les-18h-projectarem-la-boda-de-rosa-la-pellicula-te-5-nominacions-als-premis-gaudi\/","title":{"rendered":"El dissabte 20 de febrer a les 18h projectarem \u2018La boda de Rosa\u2019. La pel\u00b7l\u00edcula t\u00e9 5 nominacions als Premis Gaud\u00ed"},"content":{"rendered":"\n<iframe loading=\"lazy\" width=\"560\" height=\"315\" src=\"https:\/\/www.youtube.com\/embed\/n_o31QcWpJw\" frameborder=\"0\" allow=\"accelerometer; autoplay; clipboard-write; encrypted-media; gyroscope; picture-in-picture\" allowfullscreen=\"\"><\/iframe>\n\n\n\n<p>El dissabte 20 de febrer, a les 18h, projectarem la pel\u00b7l\u00edcula \u2018La boda de Rosa\u2019 del Cicle Gaud\u00ed, amb cinc nominacions als Premis Gaud\u00ed.<\/p>\n\n\n\n<p>Les taquilles obriran 30 minuts abans amb l\u2019objectiu de tenir un control dels assistents i poder-los ubicar respectant totes les mesures de seguretat per la Covid-19. L\u2019aforament ser\u00e0 limitat.<\/p>\n\n\n\n<p>El preu general de l\u2019entrada \u00e9s de 4,5\u20ac i s\u2019ofereix un preu redu\u00eft de 3\u20ac presentant el carnet de la Biblioteca Municipal de la Bisbal.<\/p>\n\n\n\n<p>Quant a la recaptaci\u00f3, aquesta es destinar\u00e0 a l\u2019entitat del poble que gestioni la venda d\u2019entrades, en aquest cas Senderistes Bisbalencs.<\/p>\n\n\n\n<p><strong>FITXA T\u00c8CNICA<\/strong><\/p>\n\n\n\n<p>Direcci\u00f3: Iciar Bollain<\/p>\n\n\n\n<p>Gui\u00f3: Iciar Bollain i Alicia Luna<\/p>\n\n\n\n<p>M\u00fasica: Vanessa Garde<\/p>\n\n\n\n<p>Fotografia: Sergi Gallardo, Beatriz Sastre<\/p>\n\n\n\n<p>Estreno: Agost 2020<\/p>\n\n\n\n<p>Durada: 99 min.<\/p>\n\n\n\n<p>G\u00e8nere: Com\u00e8dia<\/p>\n\n\n\n<p>Int\u00e8rprets: Candela Pe\u00f1a, Sergi L\u00f3pez, Nathalie Poza, Ram\u00f3n Barea, Paula Usero, Xavo Gim\u00e9nez, Paloma Vidal, Luc\u00eda Poveda, Mar\u00eda Jos\u00e9 Hip\u00f3lito, Mar\u00eda Maroto<\/p>\n\n\n\n<p><strong>SINOPSI<\/strong><\/p>\n\n\n\n<p>A punt de fer-ne 45, la Rosa s\u2019adona que ha viscut sempre per als altres i decideix pr\u00e9mer el bot\u00f3 nuclear, engegar-ho tot a passeig i prendre les regnes de la seva vida. Per\u00f2 abans, vol embarcar-se en un comprom\u00eds molt especial: un matrimoni amb ella mateixa.<\/p>\n\n\n\n<p>Aviat descobrir\u00e0 que el seu pare, els seus germans i la seva filla tenen altres plans, i aix\u00f2 de canviar de vida no \u00e9s tan senzill si no est\u00e0 en el gui\u00f3 familiar. Casar-se, encara que sigui amb ella mateixa, ser\u00e0 el m\u00e9s dif\u00edcil que hagi fet mai.<\/p>\n\n\n\n<hr class=\"wp-block-separator\"\/>\n\n\n\n<p><strong>CASTELLANO |&nbsp;<\/strong>El s\u00e1bado 20 de febrero, a las 18h, proyectaremos la pel\u00edcula \u2018La boda de Rosa\u2019 del Cicle Gaud\u00ed, con cinco nominaciones a los Premis Gaud\u00ed.<\/p>\n\n\n\n<p>Las taquillas abrir\u00e1n 30 minutos antes con el objetivo de tener un control de los asistentes y poderlos ubicar respetando todas las medidas de seguridad por la Covid-19. El aforo ser\u00e1 limitado.<\/p>\n\n\n\n<p>El precio general de la entrada es de 4,5\u20ac y se ofrece un precio reducido de 3\u20ac presentando el carn\u00e9 de la Biblioteca Municipal de la Bisbal.<\/p>\n\n\n\n<p>En cuanto a la recaudaci\u00f3n, esta se destinar\u00e1 a la entidad del pueblo que gestione la venta de entradas, en este caso Senderistes Bisbalencs.<\/p>\n\n\n\n<p><strong>FICHA T\u00c9CNICA<\/strong><\/p>\n\n\n\n<p>Direcci\u00f3n: Iciar Bollain<\/p>\n\n\n\n<p>Gui\u00f3n: Iciar Bollain i Alicia Luna<\/p>\n\n\n\n<p>M\u00fasica: Vanessa Garde<\/p>\n\n\n\n<p>Fotograf\u00eda: Sergi Gallardo, Beatriz Sastre<\/p>\n\n\n\n<p>Estreno: Agosto de 2020<\/p>\n\n\n\n<p>Duraci\u00f3n: 99 min.<\/p>\n\n\n\n<p>G\u00e9nero: Comedia<\/p>\n\n\n\n<p>Int\u00e9rpretes: Candela Pe\u00f1a, Sergi L\u00f3pez, Nathalie Poza, Ram\u00f3n Barea, Paula Usero, Xavo Gim\u00e9nez, Paloma Vidal, Luc\u00eda Poveda, Mar\u00eda Jos\u00e9 Hip\u00f3lito, Mar\u00eda Maroto<\/p>\n\n\n\n<p><strong>SINOPSIS<\/strong><\/p>\n\n\n\n<p>A punto de hacer 45, Rosa se da cuenta de que ha vivido siempre para los dem\u00e1s y decide apretar el bot\u00f3n nuclear, mandarlo todo a paseo y tomar las riendas de su vida. Pero antes, quiere embarcarse en un compromiso muy especial: un matrimonio con ella misma.<\/p>\n\n\n\n<p>Pronto descubrir\u00e1 que su padre, sus hermanos y su hija tienen otros planes, y eso de cambiar de vida no es tan sencillo si no est\u00e1 en el gui\u00f3n familiar. Casarse, aunque sea con ella misma, ser\u00e1 lo m\u00e1s dif\u00edcil que haya hecho nunca.<\/p>\n","protected":false},"excerpt":{"rendered":"<p>El dissabte 20 de febrer, a les 18h, projectarem la pel\u00b7l\u00edcula \u2018La boda de Rosa\u2019 del Cicle Gaud\u00ed, amb cinc nominacions als Premis Gaud\u00ed. Les taquilles obriran 30 minuts abans &hellip; <a href=\"https:\/\/bisbalpenedes.com\/web\/2021\/02\/16\/el-dissabte-20-de-febrer-a-les-18h-projectarem-la-boda-de-rosa-la-pellicula-te-5-nominacions-als-premis-gaudi\/\" class=\"more-link\">Read More<\/a><\/p>\n","protected":false},"author":4,"featured_media":16467,"comment_status":"closed","ping_status":"closed","sticky":false,"template":"","format":"standard","meta":[],"categories":[2942,13,8],"tags":[308,4346],"_links":{"self":[{"href":"https:\/\/bisbalpenedes.com\/web\/wp-json\/wp\/v2\/posts\/16464"}],"collection":[{"href":"https:\/\/bisbalpenedes.com\/web\/wp-json\/wp\/v2\/posts"}],"about":[{"href":"https:\/\/bisbalpenedes.com\/web\/wp-json\/wp\/v2\/types\/post"}],"author":[{"embeddable":true,"href":"https:\/\/bisbalpenedes.com\/web\/wp-json\/wp\/v2\/users\/4"}],"replies":[{"embeddable":true,"href":"https:\/\/bisbalpenedes.com\/web\/wp-json\/wp\/v2\/comments?post=16464"}],"version-history":[{"count":3,"href":"https:\/\/bisbalpenedes.com\/web\/wp-json\/wp\/v2\/posts\/16464\/revisions"}],"predecessor-version":[{"id":16468,"href":"https:\/\/bisbalpenedes.com\/web\/wp-json\/wp\/v2\/posts\/16464\/revisions\/16468"}],"wp:featuredmedia":[{"embeddable":true,"href":"https:\/\/bisbalpenedes.com\/web\/wp-json\/wp\/v2\/media\/16467"}],"wp:attachment":[{"href":"https:\/\/bisbalpenedes.com\/web\/wp-json\/wp\/v2\/media?parent=16464"}],"wp:term":[{"taxonomy":"category","embeddable":true,"href":"https:\/\/bisbalpenedes.com\/web\/wp-json\/wp\/v2\/categories?post=16464"},{"taxonomy":"post_tag","embeddable":true,"href":"https:\/\/bisbalpenedes.com\/web\/wp-json\/wp\/v2\/tags?post=16464"}],"curies":[{"name":"wp","href":"https:\/\/api.w.org\/{rel}","templated":true}]}}