{"id":16462,"date":"2021-02-16T09:00:00","date_gmt":"2021-02-16T07:00:00","guid":{"rendered":"https:\/\/bisbalpenedes.com\/web\/?p=16462"},"modified":"2021-02-16T08:07:13","modified_gmt":"2021-02-16T06:07:13","slug":"ja-esta-disponible-ledicio-de-gener-i-febrer-de-2021-de-la-revista-municipal-torre-de-guaita","status":"publish","type":"post","link":"https:\/\/bisbalpenedes.com\/web\/2021\/02\/16\/ja-esta-disponible-ledicio-de-gener-i-febrer-de-2021-de-la-revista-municipal-torre-de-guaita\/","title":{"rendered":"Ja est\u00e0 disponible l&#8217;edici\u00f3 de gener i febrer de 2021 de la Revista municipal Torre de Guaita"},"content":{"rendered":"\n<p>Ja s&#8217;ha publicat l&#8217;edici\u00f3 dels mesos de gener i febrer de 2021 de la revista municipal Torre de Guaita i s&#8217;ha comen\u00e7at a repartir l&#8217;edici\u00f3 en paper. Us podeu descarregar la revista en format digital a l&#8217;enlla\u00e7:<br><a rel=\"noreferrer noopener\" href=\"https:\/\/bisbalpenedes.com\/web\/wp-content\/uploads\/2021\/02\/Torre-de-guaita-2021-01.pdf\" target=\"_blank\">https:\/\/bisbalpenedes.com\/web\/wp-content\/uploads\/2021\/02\/Torre-de-guaita-2021-01.pdf<\/a><br><\/p>\n\n\n\n<hr class=\"wp-block-separator\"\/>\n\n\n\n<p><br>Ya se ha publicado la edici\u00f3n de los meses de enero y febrero de la revista municipal Torre de Guaita y se ha empezado a repartir la edici\u00f3n en papel.Os pod\u00e9is descargar la revista en formato digital en el enlace:<br><a rel=\"noreferrer noopener\" href=\"https:\/\/bisbalpenedes.com\/web\/wp-content\/uploads\/2021\/02\/Torre-de-guaita-2021-01.pdf\" target=\"_blank\">https:\/\/bisbalpenedes.com\/web\/wp-content\/uploads\/2021\/02\/Torre-de-guaita-2021-01.pdf<\/a><\/p>\n","protected":false},"excerpt":{"rendered":"<p>Ja s&#8217;ha publicat l&#8217;edici\u00f3 dels mesos de gener i febrer de 2021 de la revista municipal Torre de Guaita i s&#8217;ha comen\u00e7at a repartir l&#8217;edici\u00f3 en paper. Us podeu descarregar &hellip; <a href=\"https:\/\/bisbalpenedes.com\/web\/2021\/02\/16\/ja-esta-disponible-ledicio-de-gener-i-febrer-de-2021-de-la-revista-municipal-torre-de-guaita\/\" class=\"more-link\">Read More<\/a><\/p>\n","protected":false},"author":4,"featured_media":16460,"comment_status":"closed","ping_status":"closed","sticky":false,"template":"","format":"standard","meta":[],"categories":[8,2607],"tags":[2609,2608],"_links":{"self":[{"href":"https:\/\/bisbalpenedes.com\/web\/wp-json\/wp\/v2\/posts\/16462"}],"collection":[{"href":"https:\/\/bisbalpenedes.com\/web\/wp-json\/wp\/v2\/posts"}],"about":[{"href":"https:\/\/bisbalpenedes.com\/web\/wp-json\/wp\/v2\/types\/post"}],"author":[{"embeddable":true,"href":"https:\/\/bisbalpenedes.com\/web\/wp-json\/wp\/v2\/users\/4"}],"replies":[{"embeddable":true,"href":"https:\/\/bisbalpenedes.com\/web\/wp-json\/wp\/v2\/comments?post=16462"}],"version-history":[{"count":1,"href":"https:\/\/bisbalpenedes.com\/web\/wp-json\/wp\/v2\/posts\/16462\/revisions"}],"predecessor-version":[{"id":16463,"href":"https:\/\/bisbalpenedes.com\/web\/wp-json\/wp\/v2\/posts\/16462\/revisions\/16463"}],"wp:featuredmedia":[{"embeddable":true,"href":"https:\/\/bisbalpenedes.com\/web\/wp-json\/wp\/v2\/media\/16460"}],"wp:attachment":[{"href":"https:\/\/bisbalpenedes.com\/web\/wp-json\/wp\/v2\/media?parent=16462"}],"wp:term":[{"taxonomy":"category","embeddable":true,"href":"https:\/\/bisbalpenedes.com\/web\/wp-json\/wp\/v2\/categories?post=16462"},{"taxonomy":"post_tag","embeddable":true,"href":"https:\/\/bisbalpenedes.com\/web\/wp-json\/wp\/v2\/tags?post=16462"}],"curies":[{"name":"wp","href":"https:\/\/api.w.org\/{rel}","templated":true}]}}