{"id":16458,"date":"2021-02-15T18:09:17","date_gmt":"2021-02-15T16:09:17","guid":{"rendered":"https:\/\/bisbalpenedes.com\/web\/?p=16458"},"modified":"2021-02-15T18:09:17","modified_gmt":"2021-02-15T16:09:17","slug":"nova-seccio-a-domenys-radio-de-lhistoriador-local-jordi-ferran-dedicada-als-processos-electorals-del-segle-xix","status":"publish","type":"post","link":"https:\/\/bisbalpenedes.com\/web\/2021\/02\/15\/nova-seccio-a-domenys-radio-de-lhistoriador-local-jordi-ferran-dedicada-als-processos-electorals-del-segle-xix\/","title":{"rendered":"Nova secci\u00f3 a Domenys R\u00e0dio de l&#8217;historiador local Jordi Ferran dedicada als processos electorals del segle XIX"},"content":{"rendered":"\n<p>El Jordi Ferran, t\u00e8cnic de la Biblioteca i de l\u2019arxiu i historiador de professi\u00f3, visita els estudis de Domenys R\u00e0dio, cada primer divendres de mes, per oferir una secci\u00f3 d\u2019hist\u00f2ria local en qu\u00e8 parla de diversos episodis hist\u00f2rics de la Bisbal i la comarca. Aquest espai radiof\u00f2nic s\u2019emmarca dins del magaz\u00edn local Domenys Al Punt, condu\u00eft per la periodista Laia Batlle.<\/p>\n\n\n\n<p>A l\u2019enlla\u00e7 podreu escoltar la secci\u00f3 de la setmana passada, dedicada als processos electorals del segle XIX.<\/p>\n\n\n\n<p>Enlla\u00e7 al darrer programa:&nbsp;<a href=\"https:\/\/go.ivoox.com\/rf\/65075661\">https:\/\/go.ivoox.com\/rf\/65075661<\/a><\/p>\n\n\n\n<p>&#8212;<\/p>\n\n\n\n<p>Jordi Ferran, t\u00e9cnico de la biblioteca y del archivo e historiador de profesi\u00f3n, visita los estudios de Domenys R\u00e0dio, cada primer viernes de mes, para ofrecer una secci\u00f3n de historia local en la que habla de varios episodios hist\u00f3ricos de la Bisbal y la comarca. Este espacio radiof\u00f3nico se enmarca dentro del magac\u00edn local Domenys Al Punt, conducido por la periodista Laia Batlle.<br>En el enlace podr\u00e9is escuchar la secci\u00f3n de la semana pasada, dedicada a los procesos electorales del siglo XIX.<br>Enlace al \u00faltimo programa: &nbsp;<a href=\"https:\/\/go.ivoox.com\/rf\/65075661\">https:\/\/go.ivoox.com\/rf\/65075661<\/a><\/p>\n","protected":false},"excerpt":{"rendered":"<p>El Jordi Ferran, t\u00e8cnic de la Biblioteca i de l\u2019arxiu i historiador de professi\u00f3, visita els estudis de Domenys R\u00e0dio, cada primer divendres de mes, per oferir una secci\u00f3 d\u2019hist\u00f2ria &hellip; <a href=\"https:\/\/bisbalpenedes.com\/web\/2021\/02\/15\/nova-seccio-a-domenys-radio-de-lhistoriador-local-jordi-ferran-dedicada-als-processos-electorals-del-segle-xix\/\" class=\"more-link\">Read More<\/a><\/p>\n","protected":false},"author":4,"featured_media":15674,"comment_status":"closed","ping_status":"closed","sticky":false,"template":"","format":"standard","meta":[],"categories":[13,8],"tags":[4344,1548,4345,4343],"_links":{"self":[{"href":"https:\/\/bisbalpenedes.com\/web\/wp-json\/wp\/v2\/posts\/16458"}],"collection":[{"href":"https:\/\/bisbalpenedes.com\/web\/wp-json\/wp\/v2\/posts"}],"about":[{"href":"https:\/\/bisbalpenedes.com\/web\/wp-json\/wp\/v2\/types\/post"}],"author":[{"embeddable":true,"href":"https:\/\/bisbalpenedes.com\/web\/wp-json\/wp\/v2\/users\/4"}],"replies":[{"embeddable":true,"href":"https:\/\/bisbalpenedes.com\/web\/wp-json\/wp\/v2\/comments?post=16458"}],"version-history":[{"count":1,"href":"https:\/\/bisbalpenedes.com\/web\/wp-json\/wp\/v2\/posts\/16458\/revisions"}],"predecessor-version":[{"id":16459,"href":"https:\/\/bisbalpenedes.com\/web\/wp-json\/wp\/v2\/posts\/16458\/revisions\/16459"}],"wp:featuredmedia":[{"embeddable":true,"href":"https:\/\/bisbalpenedes.com\/web\/wp-json\/wp\/v2\/media\/15674"}],"wp:attachment":[{"href":"https:\/\/bisbalpenedes.com\/web\/wp-json\/wp\/v2\/media?parent=16458"}],"wp:term":[{"taxonomy":"category","embeddable":true,"href":"https:\/\/bisbalpenedes.com\/web\/wp-json\/wp\/v2\/categories?post=16458"},{"taxonomy":"post_tag","embeddable":true,"href":"https:\/\/bisbalpenedes.com\/web\/wp-json\/wp\/v2\/tags?post=16458"}],"curies":[{"name":"wp","href":"https:\/\/api.w.org\/{rel}","templated":true}]}}