{"id":16455,"date":"2021-02-15T17:48:36","date_gmt":"2021-02-15T15:48:36","guid":{"rendered":"https:\/\/bisbalpenedes.com\/web\/?p=16455"},"modified":"2021-02-15T17:48:36","modified_gmt":"2021-02-15T15:48:36","slug":"lalcaldessa-agnes-ferre-fa-arribar-les-noves-propostes-de-bases-i-convocatories-de-subvencions-per-la-covid-19-als-regidors-i-regidores-de-loposicio","status":"publish","type":"post","link":"https:\/\/bisbalpenedes.com\/web\/2021\/02\/15\/lalcaldessa-agnes-ferre-fa-arribar-les-noves-propostes-de-bases-i-convocatories-de-subvencions-per-la-covid-19-als-regidors-i-regidores-de-loposicio\/","title":{"rendered":"L\u2019alcaldessa Agn\u00e8s Ferr\u00e9 fa arribar les noves propostes de bases i convocat\u00f2ries de subvencions per la COVID-19 als regidors i regidores de l\u2019oposici\u00f3"},"content":{"rendered":"\n<p>L\u2019alcaldessa Agn\u00e8s Ferr\u00e9 ha fet arribar als regidors i regidores de l\u2019oposici\u00f3, avui dilluns 15 de febrer, dues noves propostes de bases i convocat\u00f2ries de subvencions per a fam\u00edlies i aut\u00f2noms i empreses afectades per la situaci\u00f3 generada per la COVID-19. Aquestes propostes s\u2019elevaran al Ple ordinari del 15 de mar\u00e7 de 2021 i l\u2019alcaldessa les ha fet arribar als regidors, amb un mes d\u2019antelaci\u00f3, perqu\u00e8 les puguin estudiar durant vuit dies i, si ho consideren oport\u00fa, facin arribar propostes de millora a l\u2019equip de govern perqu\u00e8 aquest les valori, les incorpori a les bases i convocat\u00f2ries o les desestimi i respongui els regidors que les hagin proposat.<\/p>\n\n\n\n<p>La gesti\u00f3 de les noves convocat\u00f2ries presenta dues novetats importants: d\u2019una banda, hi haur\u00e0 personal destinat a facilitar la tramitaci\u00f3 de les sol\u00b7licituds, amb l\u2019objectiu de facilitar les gestions i agilitzar la resoluci\u00f3 d\u2019aquestes. D\u2019altra banda, se simplificar\u00e0 la documentaci\u00f3 a presentar i el c\u00e0lcul dels requisits.<\/p>\n\n\n\n<p><strong><u>Convocat\u00f2ria per a la 2a l\u00ednia d\u2019ajuts a persones aut\u00f2nomes i petites empreses afectades per la situaci\u00f3 generada per la COVID-19<\/u><\/strong><\/p>\n\n\n\n<p><strong>Beneficiaris\/benefici\u00e0ries<\/strong><\/p>\n\n\n\n<p>Persones treballadores aut\u00f2nomes i petites empreses de fins a 10 treballadors\/es del municipi que s\u2019hagin vist afectades per la crisi sanit\u00e0ria ocasionada per la COVID-19 amb una reducci\u00f3 de la facturaci\u00f3 anual de 2020, en comparaci\u00f3 amb la de l\u2019any 2019, del 20% o superior, a conseq\u00fc\u00e8ncia de la crisi sanit\u00e0ria ocasionada per la pand\u00e8mia.<\/p>\n\n\n\n<p><strong>Principals requisits per a les persones aut\u00f2nomes:<\/strong><\/p>\n\n\n\n<p>-Estar donades d\u2019alta al R\u00e8gim Especial de Treballadors Aut\u00f2noms (RETA) o Mutualitat de Previsi\u00f3 Social amb anterioritat a l\u20191 de gener de 2020.<\/p>\n\n\n\n<p>-Estar empadronades al municipi de La Bisbal del Pened\u00e8s amb anterioritat a l\u20191 de gener de 2020.<\/p>\n\n\n\n<p><strong>Principals requisits per a les petites empreses:<\/strong><\/p>\n\n\n\n<p>-Estar legalment constitu\u00efdes amb anterioritat a l\u20191 de gener de 2020<\/p>\n\n\n\n<p>-Tenir un m\u00e0xim de 10 treballadors\/es<\/p>\n\n\n\n<p>-Tenir el centre de treball i\/o domicili fiscal al municipi de La Bisbal del Pened\u00e8s<\/p>\n\n\n\n<p><strong>Quantia individualitzada de la subvenci\u00f3:<\/strong><\/p>\n\n\n\n<p>Es destinar\u00e0 un total de 20.000\u20ac a aquestes subvencions. La quantia individualitzada de la subvenci\u00f3 ser\u00e0:<\/p>\n\n\n\n<figure class=\"wp-block-table\"><table><tbody><tr><td><em>% de reducci\u00f3 d\u2019ingressos<\/em><\/td><td><em>Sense treballadors\/es contractats\/des<\/em><\/td><td><em>Amb treballadors\/es contractats\/des<\/em><\/td><\/tr><tr><td><em>Entre el 20 i el 40%<\/em><\/td><td>900,00 \u20ac<\/td><td>1.200,00 \u20ac<\/td><\/tr><tr><td><em>M\u00e9s del 40%<\/em><\/td><td>1.500,00 \u20ac<\/td><td>1.800,00 \u20ac<\/td><\/tr><\/tbody><\/table><\/figure>\n\n\n\n<p><strong>Documentaci\u00f3:<\/strong><\/p>\n\n\n\n<p>En el cas que els documents exigits ja estiguin en poder de l\u2019Ajuntament, no caldr\u00e0 que es tornin a presentar.<\/p>\n\n\n\n<p><strong>Termini:<\/strong><\/p>\n\n\n\n<p>El termini per presentar sol\u00b7licituds ser\u00e0 de 20 dies des de l\u2019endem\u00e0 de la publicaci\u00f3 de la convocat\u00f2ria&nbsp;al Butllet\u00ed Oficial de la Prov\u00edncia de Tarragona (BOPT).<\/p>\n\n\n\n<p><strong><u>Convocat\u00f2ria per a la 2\u00aa l\u00ednia d\u2019ajuts a fam\u00edlies bisbalenques afectades per la situaci\u00f3 generada per la COVID-19<\/u><\/strong><\/p>\n\n\n\n<p><strong>Objecte<\/strong><\/p>\n\n\n\n<p>Aquestes subvencions s\u2019adrecen a persones i fam\u00edlies afectades per la situaci\u00f3 generada per la COVID-19 amb la finalitat d\u2019ajudar-les a fer front a les despeses derivades del lloguer o de la hipoteca de l\u2019habitatge habitual, dels subministraments b\u00e0sics (llum i aigua) i de l\u2019adquisici\u00f3 de productes d\u2019alimentaci\u00f3 i farm\u00e0cia.<\/p>\n\n\n\n<p><strong>Principals requisits:<\/strong><\/p>\n\n\n\n<p>-El\/la sol\u00b7licitant ha de ser major de 18 anys o estar emancipat\/da legalment.<\/p>\n\n\n\n<p>-El\/la sol\u00b7licitant ha d\u2019estar empadronat\/da al municipi amb anterioritat a&nbsp; l\u20191 de gener de 2020.<\/p>\n\n\n\n<p>-Haver perdut la feina o estar afectat\/da per un expedient de regulaci\u00f3 d\u2019ocupaci\u00f3 (ERTO) total o parcial durant el per\u00edode subvencionable a conseq\u00fc\u00e8ncia de les mesures adoptades per fer front a la crisi sanit\u00e0ria ocasionada per la COVID-19.<\/p>\n\n\n\n<p>-No superar els ingressos bruts mensuals de maig a desembre de 2020 (de forma individual cada mes) del conjunt de la unitat familiar o de conviv\u00e8ncia el doble de l\u2019Indicador de la Renda de Sufici\u00e8ncia de Catalunya (IRSC), incrementat en un 0,25 per cada membre addicional, d\u2019acord amb la taula seg\u00fcent:<\/p>\n\n\n\n<figure class=\"wp-block-table\"><table><tbody><tr><td><em>Nombre de membres de la unitat familiar o de conviv\u00e8ncia<\/em><\/td><td><em>Ingressos m\u00e0xims<\/em><\/td><\/tr><tr><td>1 membre<\/td><td>1.075,68 \u20ac<\/td><\/tr><tr><td>2 membres<\/td><td>1.344,60 \u20ac<\/td><\/tr><tr><td>3 membres<\/td><td>1.680,75 \u20ac<\/td><\/tr><tr><td>4 membres o m\u00e9s<\/td><td>2.100,94 \u20ac<\/td><\/tr><\/tbody><\/table><\/figure>\n\n\n\n<p>-No disposar de recursos econ\u00f2mics suficients per fer front a les despeses derivades del lloguer o de la hipoteca de l\u2019habitatge habitual, dels subministraments b\u00e0sics (llum i aigua) i de l\u2019adquisici\u00f3 de productes d\u2019alimentaci\u00f3 i farm\u00e0cia.<\/p>\n\n\n\n<p><strong>Quantia individualitzada de la subvenci\u00f3:<\/strong><\/p>\n\n\n\n<p>Ser\u00e0 de 200\u20ac euros per cada mes de compliment dels requisits (de maig a desembre de 2020).<\/p>\n\n\n\n<p>Es concedir\u00e0 una \u00fanica subvenci\u00f3 per fam\u00edlia.<\/p>\n\n\n\n<p><strong>Documentaci\u00f3:<\/strong><\/p>\n\n\n\n<p>En el cas que els documents exigits ja estiguin en poder de l\u2019Ajuntament, no caldr\u00e0 que es tornin a presentar.<\/p>\n\n\n\n<p><strong>Terminis:<\/strong><\/p>\n\n\n\n<p>S\u2019hauran de presentar al Registre d\u2019Entrada de l\u2019Ajuntament de La Bisbal del Pened\u00e8s durant 20 dies h\u00e0bils, a comptar des de l\u2019endem\u00e0 de la publicaci\u00f3 de l\u2019extracte de la convocat\u00f2ria al Butllet\u00ed Oficial de la Prov\u00edncia de Tarragona (BOPT).<\/p>\n\n\n\n<hr class=\"wp-block-separator\"\/>\n\n\n\n<p><strong>CASTELLANO<\/strong> | La alcaldesa Agn\u00e8s Ferr\u00e9 ha hecho llegar a los concejales y concejalas de la oposici\u00f3n, hoy lunes 15 de febrero, dos nuevas propuestas de bases y convocatorias de subvenciones para familias y aut\u00f3nomos y empresas afectadas por la situaci\u00f3n generada por la COVID-19. Estas propuestas se elevar\u00e1n al Pleno ordinario del 15 de marzo de 2021 y la alcaldesa se las ha hecho llegar a los concejales, con un mes de antelaci\u00f3n, para que las puedan estudiar durante ocho d\u00edas y, si lo consideran oportuno, hagan llegar propuestas de mejora al equipo de gobierno para que las valore, las incorpore a las bases y convocatorias o las desestime y responda a los concejales que las han propuesto.<\/p>\n\n\n\n<p>La gesti\u00f3n de las nuevas convocatorias presenta dos novedades importantes: por un lado, habr\u00e1 personal destinado a facilitar la tramitaci\u00f3n de las solicitudes, con el objetivo de facilitar las gestiones y agilizar la resoluci\u00f3n de las mismas. Por otro lado, se simplificar\u00e1 la documentaci\u00f3n a presentar y el c\u00e1lculo de los requisitos.<\/p>\n\n\n\n<p><strong><u>Convocatoria para la 2\u00aa l\u00ednea de ayudas a personas aut\u00f3nomas y peque\u00f1as empresas afectadas por la situaci\u00f3n generada por la COVID-19<\/u><\/strong><\/p>\n\n\n\n<p><strong>Beneficiarios\/beneficiarias<\/strong><\/p>\n\n\n\n<p>Personas trabajadoras aut\u00f3nomas y peque\u00f1as empresas de hasta 10 trabajadores\/as del municipio que se hayan visto afectadas por la crisis sanitaria ocasionada por la COVID-19 con una reducci\u00f3n de la facturaci\u00f3n anual del 2020, en comparaci\u00f3n con la del a\u00f1o 2019, del 20% o superior, a consecuencia de la crisis sanitaria ocasionada por la pandemia.<\/p>\n\n\n\n<p><strong>Principales requisitos para las personas aut\u00f3nomas:<\/strong><\/p>\n\n\n\n<p>-Estar dadas de alta en el R\u00e9gimen Especial de Trabajadores Aut\u00f3nomos (RETA) o Mutualidad de Previsi\u00f3n Social con anterioridad al 1 de enero de 2020.<\/p>\n\n\n\n<p>-Estar empadronadas en el municipio de La Bisbal del Pened\u00e8s con anterioridad al 1 de enero de 2020.<\/p>\n\n\n\n<p><strong>Principales requisitos para las peque\u00f1as empresas:<\/strong><\/p>\n\n\n\n<p>-Estar legalmente constitu\u00eddas con anterioridad al 1 de enero de 2020.<\/p>\n\n\n\n<p>-Tener un m\u00e1ximo de 10 trabajadores\/as.<\/p>\n\n\n\n<p>-Tener el centro de trabajo y\/o domicilio fiscal en el municipio de La Bisbal del Pened\u00e8s.<\/p>\n\n\n\n<p><strong>Cuant\u00eda individualizada de la subvenci\u00f3n:<\/strong><\/p>\n\n\n\n<p>Se destinar\u00e1 un total de 20.000\u20ac a estas subvenciones. La cuant\u00eda individualizada de la subvenci\u00f3n ser\u00e1:<\/p>\n\n\n\n<figure class=\"wp-block-table\"><table><tbody><tr><td><em>% de reducci\u00f3n de ingresos<\/em><\/td><td><em>Sin trabajadores\/as contratados\/as<\/em><\/td><td><em>Con trabajadores\/as contratados\/as<\/em><\/td><\/tr><tr><td><em>Entre el 20 y el 40%<\/em><\/td><td>900,00 \u20ac<\/td><td>1.200,00 \u20ac<\/td><\/tr><tr><td><em>M\u00e1s del 40%<\/em><\/td><td>1.500,00 \u20ac<\/td><td>1.800,00 \u20ac<\/td><\/tr><\/tbody><\/table><\/figure>\n\n\n\n<p><strong>Documentaci\u00f3n:<\/strong><\/p>\n\n\n\n<p>En el caso de que los documentos exigidos ya est\u00e9n en poder del Ayuntamiento, no ser\u00e1 necesario que se vuelvan a presentar.<\/p>\n\n\n\n<p>Plazo:<\/p>\n\n\n\n<p>El plazo para presentar solicitudes ser\u00e1 de 20 d\u00edas desde el d\u00eda siguiente de la publicaci\u00f3n de la convocatoria en el Bolet\u00edn Oficial de la Provincia de Tarragona (BOPT).<\/p>\n\n\n\n<p><strong><u>Convocatoria para la 2\u00aa l\u00ednea de ayudas a familias de la Bisbal afectadas por la situaci\u00f3n generada por la COVID-19<\/u><\/strong><\/p>\n\n\n\n<p>Objeto<\/p>\n\n\n\n<p>Estas subvenciones se dirigen a personas y familias afectadas por la situaci\u00f3n generada por la COVID-19 con la finalidad de ayudarlas a hacer frente a los gastos derivados del alquiler o de la hipoteca de la vivienda habitual, de los suministros b\u00e1sicos (luz y agua) y de la adquisici\u00f3n de productos de alimentaci\u00f3n y farmacia.<\/p>\n\n\n\n<p><strong>Principales requisitos:<\/strong><\/p>\n\n\n\n<p>-El\/la solicitante tiene que ser mayor de 18 a\u00f1os o estar emancipado\/da legalmente<\/p>\n\n\n\n<p>-El\/la solicitante tiene que estar empadronado\/da en el municipio con anterioridad al 1 de enero de 2020.<\/p>\n\n\n\n<p>-Haber perdido el trabajo o estar afectado\/a por un expediente de Regulaci\u00f3n de Empleo (ERTE9 total o parcial durante el periodo subvencionable a consecuencia de las medidas adoptadas para hacer frente a la crisis sanitaria ocasionada por la COVID-19.<\/p>\n\n\n\n<p>-No superar los ingresos brutos mensuales de mayo a diciembre de 2020 (de forma individual cada mes) del conjunto de la unidad familiar o de convivencia el doble del Indicador de la Renta de Suficiencia de Catalunya (IRSC), incrementado en un 0,25 por cada miembro adicional, de acuerdo con la tabla siguiente:<\/p>\n\n\n\n<figure class=\"wp-block-table\"><table><tbody><tr><td><em>N\u00famero de miembros de la unidad familiar o de convivencia<\/em><\/td><td><em>Ingresos m\u00e1ximos<\/em><\/td><\/tr><tr><td>1 miembro<\/td><td>1.075,68 \u20ac<\/td><\/tr><tr><td>2 miembros<\/td><td>1.344,60 \u20ac<\/td><\/tr><tr><td>3 miembros<\/td><td>1.680,75 \u20ac<\/td><\/tr><tr><td>4 miembros o m\u00e1s<\/td><td>2.100,94 \u20ac<\/td><\/tr><\/tbody><\/table><\/figure>\n\n\n\n<p>-No disponer de recursos econ\u00f3micos suficientes para hacer frente a los gastos derivados del alquiler o de la hipoteca de la vivienda habitual, de los suministros b\u00e1sicos (luz y agua) y de la adquisici\u00f3n de productos de alimentaci\u00f3n y farmacia.<\/p>\n\n\n\n<p><strong>Cuant\u00eda individualizada de la subvenci\u00f3n:<\/strong><\/p>\n\n\n\n<p>Ser\u00e1 de 200\u20ac por cada mes de cumplimiento de los requisitos (de mayo a diciembre de 2020).<\/p>\n\n\n\n<p>Se conceder\u00e1 una \u00fanica subvenci\u00f3n por familia.<\/p>\n\n\n\n<p><strong>Documentaci\u00f3n:<\/strong><\/p>\n\n\n\n<p>En el caso de que los documentos exigidos ya est\u00e9n en poder del Ayuntamiento, no ser\u00e1 necesario que se vuelvan a presentar.<\/p>\n\n\n\n<p><strong>Plazos<\/strong><\/p>\n\n\n\n<p>Se tendr\u00e1n que presentar en el Registro de Entrada del Ayuntamiento de la Bisbal del Pened\u00e8s durante 20 d\u00edas h\u00e1biles, a contar desde el d\u00eda siguiente de la publicaci\u00f3n del extracto de la convocatoria en el Bolet\u00edn Oficial de la Provincia de Tarragona (BOPT).&nbsp;<\/p>\n","protected":false},"excerpt":{"rendered":"<p>L\u2019alcaldessa Agn\u00e8s Ferr\u00e9 ha fet arribar als regidors i regidores de l\u2019oposici\u00f3, avui dilluns 15 de febrer, dues noves propostes de bases i convocat\u00f2ries de subvencions per a fam\u00edlies i &hellip; <a href=\"https:\/\/bisbalpenedes.com\/web\/2021\/02\/15\/lalcaldessa-agnes-ferre-fa-arribar-les-noves-propostes-de-bases-i-convocatories-de-subvencions-per-la-covid-19-als-regidors-i-regidores-de-loposicio\/\" class=\"more-link\">Read More<\/a><\/p>\n","protected":false},"author":4,"featured_media":14717,"comment_status":"closed","ping_status":"closed","sticky":false,"template":"","format":"standard","meta":[],"categories":[3851,3636,8,9,1578,3431],"tags":[102],"_links":{"self":[{"href":"https:\/\/bisbalpenedes.com\/web\/wp-json\/wp\/v2\/posts\/16455"}],"collection":[{"href":"https:\/\/bisbalpenedes.com\/web\/wp-json\/wp\/v2\/posts"}],"about":[{"href":"https:\/\/bisbalpenedes.com\/web\/wp-json\/wp\/v2\/types\/post"}],"author":[{"embeddable":true,"href":"https:\/\/bisbalpenedes.com\/web\/wp-json\/wp\/v2\/users\/4"}],"replies":[{"embeddable":true,"href":"https:\/\/bisbalpenedes.com\/web\/wp-json\/wp\/v2\/comments?post=16455"}],"version-history":[{"count":1,"href":"https:\/\/bisbalpenedes.com\/web\/wp-json\/wp\/v2\/posts\/16455\/revisions"}],"predecessor-version":[{"id":16456,"href":"https:\/\/bisbalpenedes.com\/web\/wp-json\/wp\/v2\/posts\/16455\/revisions\/16456"}],"wp:featuredmedia":[{"embeddable":true,"href":"https:\/\/bisbalpenedes.com\/web\/wp-json\/wp\/v2\/media\/14717"}],"wp:attachment":[{"href":"https:\/\/bisbalpenedes.com\/web\/wp-json\/wp\/v2\/media?parent=16455"}],"wp:term":[{"taxonomy":"category","embeddable":true,"href":"https:\/\/bisbalpenedes.com\/web\/wp-json\/wp\/v2\/categories?post=16455"},{"taxonomy":"post_tag","embeddable":true,"href":"https:\/\/bisbalpenedes.com\/web\/wp-json\/wp\/v2\/tags?post=16455"}],"curies":[{"name":"wp","href":"https:\/\/api.w.org\/{rel}","templated":true}]}}