{"id":16453,"date":"2021-02-15T12:16:03","date_gmt":"2021-02-15T10:16:03","guid":{"rendered":"https:\/\/bisbalpenedes.com\/web\/?p=16453"},"modified":"2021-02-15T12:16:03","modified_gmt":"2021-02-15T10:16:03","slug":"la-llar-dinfants-municipal-tanca-fins-al-23-de-febrer-per-un-positiu-en-covid-19","status":"publish","type":"post","link":"https:\/\/bisbalpenedes.com\/web\/2021\/02\/15\/la-llar-dinfants-municipal-tanca-fins-al-23-de-febrer-per-un-positiu-en-covid-19\/","title":{"rendered":"La Llar d&#8217;infants municipal tanca fins al 23 de febrer per un positiu en COVID-19"},"content":{"rendered":"\n<p>La Regidoria d\u2019Ensenyament informa que una de les educadores de la Llar d\u2019Infants municipal l\u2019Oreneta de la Bisbal del Pened\u00e8s ha donat positiu en COVID-19. Per aquest motiu, el personal de la Llar i l\u2019alumnat se sotmetr\u00e0 a la prova PCR durant el dia d\u2019avui. Paral\u2022lelament, la llar d\u2019infants de la Bisbal estar\u00e0 tancada durant 10 dies, des del darrer contacte amb el positiu, per tant, romandr\u00e0 tancada per quarantena fins al pr\u00f2xim 23 de febrer de 2021.<\/p>\n\n\n\n<hr class=\"wp-block-separator\"\/>\n\n\n\n<p>La Concejal\u00eda de Educaci\u00f3n informa de que una de las educadoras de la Guarder\u00eda municipal l\u2019Oreneta de la Bisbal del Pened\u00e8s ha dado positivo en COVID-19. Por este motivo, el personal de la Llar y el alumnado se someter\u00e1 a la prueba PCR durante el d\u00eda de hoy. Paralelamente, la guarder\u00eda municipal de la Bisbal estar\u00e1 cerrada durante 10 d\u00edas, desde el \u00faltimo contacto con el positivo, por tanto, permanecer\u00e1 cerrada por cuarentena hasta el pr\u00f3ximo 23 de febrero de 2021.<\/p>\n","protected":false},"excerpt":{"rendered":"<p>La Regidoria d\u2019Ensenyament informa que una de les educadores de la Llar d\u2019Infants municipal l\u2019Oreneta de la Bisbal del Pened\u00e8s ha donat positiu en COVID-19. Per aquest motiu, el personal &hellip; <a href=\"https:\/\/bisbalpenedes.com\/web\/2021\/02\/15\/la-llar-dinfants-municipal-tanca-fins-al-23-de-febrer-per-un-positiu-en-covid-19\/\" class=\"more-link\">Read More<\/a><\/p>\n","protected":false},"author":4,"featured_media":14569,"comment_status":"closed","ping_status":"closed","sticky":false,"template":"","format":"standard","meta":[],"categories":[3456,8],"tags":[3559,1539,4076,3687],"_links":{"self":[{"href":"https:\/\/bisbalpenedes.com\/web\/wp-json\/wp\/v2\/posts\/16453"}],"collection":[{"href":"https:\/\/bisbalpenedes.com\/web\/wp-json\/wp\/v2\/posts"}],"about":[{"href":"https:\/\/bisbalpenedes.com\/web\/wp-json\/wp\/v2\/types\/post"}],"author":[{"embeddable":true,"href":"https:\/\/bisbalpenedes.com\/web\/wp-json\/wp\/v2\/users\/4"}],"replies":[{"embeddable":true,"href":"https:\/\/bisbalpenedes.com\/web\/wp-json\/wp\/v2\/comments?post=16453"}],"version-history":[{"count":1,"href":"https:\/\/bisbalpenedes.com\/web\/wp-json\/wp\/v2\/posts\/16453\/revisions"}],"predecessor-version":[{"id":16454,"href":"https:\/\/bisbalpenedes.com\/web\/wp-json\/wp\/v2\/posts\/16453\/revisions\/16454"}],"wp:featuredmedia":[{"embeddable":true,"href":"https:\/\/bisbalpenedes.com\/web\/wp-json\/wp\/v2\/media\/14569"}],"wp:attachment":[{"href":"https:\/\/bisbalpenedes.com\/web\/wp-json\/wp\/v2\/media?parent=16453"}],"wp:term":[{"taxonomy":"category","embeddable":true,"href":"https:\/\/bisbalpenedes.com\/web\/wp-json\/wp\/v2\/categories?post=16453"},{"taxonomy":"post_tag","embeddable":true,"href":"https:\/\/bisbalpenedes.com\/web\/wp-json\/wp\/v2\/tags?post=16453"}],"curies":[{"name":"wp","href":"https:\/\/api.w.org\/{rel}","templated":true}]}}