{"id":16442,"date":"2021-02-14T21:31:16","date_gmt":"2021-02-14T19:31:16","guid":{"rendered":"https:\/\/bisbalpenedes.com\/web\/?p=16442"},"modified":"2021-02-14T21:31:49","modified_gmt":"2021-02-14T19:31:49","slug":"finalitza-la-jornada-electoral-del-14f-sense-cap-incidencia-a-la-bisbal-del-penedes","status":"publish","type":"post","link":"https:\/\/bisbalpenedes.com\/web\/2021\/02\/14\/finalitza-la-jornada-electoral-del-14f-sense-cap-incidencia-a-la-bisbal-del-penedes\/","title":{"rendered":"Finalitza la jornada electoral del 14F sense cap incid\u00e8ncia a la Bisbal del Pened\u00e8s"},"content":{"rendered":"\n<figure class=\"wp-block-image size-large\"><img loading=\"lazy\" width=\"819\" height=\"819\" src=\"https:\/\/bisbalpenedes.com\/web\/wp-content\/uploads\/2021\/02\/local-electoral-1.jpg\" alt=\"\" class=\"wp-image-16443\" srcset=\"https:\/\/bisbalpenedes.com\/web\/wp-content\/uploads\/2021\/02\/local-electoral-1.jpg 819w, https:\/\/bisbalpenedes.com\/web\/wp-content\/uploads\/2021\/02\/local-electoral-1-300x300.jpg 300w, https:\/\/bisbalpenedes.com\/web\/wp-content\/uploads\/2021\/02\/local-electoral-1-100x100.jpg 100w, https:\/\/bisbalpenedes.com\/web\/wp-content\/uploads\/2021\/02\/local-electoral-1-600x600.jpg 600w, https:\/\/bisbalpenedes.com\/web\/wp-content\/uploads\/2021\/02\/local-electoral-1-150x150.jpg 150w, https:\/\/bisbalpenedes.com\/web\/wp-content\/uploads\/2021\/02\/local-electoral-1-768x768.jpg 768w\" sizes=\"(max-width: 819px) 100vw, 819px\" \/><\/figure>\n\n\n\n<p>A les 20h ha finalitzat la jornada electoral a la Bisbal del Pened\u00e8s sense cap incid\u00e8ncia. Des de l\u2019Ajuntament volem mostrar el nostre agra\u00efment a les persones que han estat a les meses electorals com a presidents\/es i vocals -per la seva professionalitat, amabilitat i paci\u00e8ncia- i a totes les persones que heu anat a votar, per seguir totes les mesures per prevenir la COVID-19, tot i que la pluja ens ha fet la guitza en algun moment. Per \u00faltim, volem donar les gr\u00e0cies al personal de l\u2019Ajuntament per la feina feta durant tota la jornada i els dies previs perqu\u00e8 els bisbalencs poguessiu exercir el vostre dret a vot amb totes les mesures de prevenci\u00f3, higiene i seguretat.<\/p>\n\n\n\n<hr class=\"wp-block-separator\"\/>\n\n\n\n<p><strong>CASTELLANO |<\/strong> A las 20h ha finalizado la jornada electoral en la Bisbal del Pened\u00e8s sin ninguna incidencia. Desde el Ayuntamiento queremos mostrar nuestro agradecimiento a las personas que han estado en las mesas electorales como presidentes\/as y vocales \u2013por su profesionalidad, amabilidad y paciencia- y a todas la personas que hab\u00e9is ido a votar, por seguir todas las medidas para prevenir la COVID-19, aunque la lluvia nos haya dado la lata en alg\u00fan momento. Por \u00faltimo, queremos dar las gracias al personal del Ayuntamiento por el trabajo hecho durante toda la jornada y los d\u00edas previos para que los bisbalenses y las bisbalensas pudies\u00e9is ejercer vuestro derecho a voto con todas las medidas de prevenci\u00f3n, higiene y seguridad.<\/p>\n","protected":false},"excerpt":{"rendered":"<p>A les 20h ha finalitzat la jornada electoral a la Bisbal del Pened\u00e8s sense cap incid\u00e8ncia. Des de l\u2019Ajuntament volem mostrar el nostre agra\u00efment a les persones que han estat &hellip; <a href=\"https:\/\/bisbalpenedes.com\/web\/2021\/02\/14\/finalitza-la-jornada-electoral-del-14f-sense-cap-incidencia-a-la-bisbal-del-penedes\/\" class=\"more-link\">Read More<\/a><\/p>\n","protected":false},"author":4,"featured_media":16444,"comment_status":"closed","ping_status":"closed","sticky":false,"template":"","format":"standard","meta":[],"categories":[8],"tags":[4337,892,889,4307],"_links":{"self":[{"href":"https:\/\/bisbalpenedes.com\/web\/wp-json\/wp\/v2\/posts\/16442"}],"collection":[{"href":"https:\/\/bisbalpenedes.com\/web\/wp-json\/wp\/v2\/posts"}],"about":[{"href":"https:\/\/bisbalpenedes.com\/web\/wp-json\/wp\/v2\/types\/post"}],"author":[{"embeddable":true,"href":"https:\/\/bisbalpenedes.com\/web\/wp-json\/wp\/v2\/users\/4"}],"replies":[{"embeddable":true,"href":"https:\/\/bisbalpenedes.com\/web\/wp-json\/wp\/v2\/comments?post=16442"}],"version-history":[{"count":3,"href":"https:\/\/bisbalpenedes.com\/web\/wp-json\/wp\/v2\/posts\/16442\/revisions"}],"predecessor-version":[{"id":16447,"href":"https:\/\/bisbalpenedes.com\/web\/wp-json\/wp\/v2\/posts\/16442\/revisions\/16447"}],"wp:featuredmedia":[{"embeddable":true,"href":"https:\/\/bisbalpenedes.com\/web\/wp-json\/wp\/v2\/media\/16444"}],"wp:attachment":[{"href":"https:\/\/bisbalpenedes.com\/web\/wp-json\/wp\/v2\/media?parent=16442"}],"wp:term":[{"taxonomy":"category","embeddable":true,"href":"https:\/\/bisbalpenedes.com\/web\/wp-json\/wp\/v2\/categories?post=16442"},{"taxonomy":"post_tag","embeddable":true,"href":"https:\/\/bisbalpenedes.com\/web\/wp-json\/wp\/v2\/tags?post=16442"}],"curies":[{"name":"wp","href":"https:\/\/api.w.org\/{rel}","templated":true}]}}