{"id":16430,"date":"2021-02-10T22:10:01","date_gmt":"2021-02-10T20:10:01","guid":{"rendered":"https:\/\/bisbalpenedes.com\/web\/?p=16430"},"modified":"2021-02-10T22:10:01","modified_gmt":"2021-02-10T20:10:01","slug":"saprova-el-conveni-de-collaboracio-amb-el-ccbp-per-a-lexecucio-dels-programes-docupacio-2021","status":"publish","type":"post","link":"https:\/\/bisbalpenedes.com\/web\/2021\/02\/10\/saprova-el-conveni-de-collaboracio-amb-el-ccbp-per-a-lexecucio-dels-programes-docupacio-2021\/","title":{"rendered":"S\u2019aprova el conveni de col\u00b7laboraci\u00f3 amb el CCBP per a l\u2019execuci\u00f3 dels programes d\u2019ocupaci\u00f3 2021"},"content":{"rendered":"\n<p>La Junta de Govern del 8 de febrer, a petici\u00f3 de la Regidoria d\u2019Ocupaci\u00f3, ha aprovat el conveni interadministratiu de col\u00b7laboraci\u00f3 amb el Consell Comarcal del Baix Pened\u00e8s i la resta d\u2019ajuntaments de la comarca per a l\u2019execuci\u00f3 de programes d\u2019ocupaci\u00f3 que formen part de l\u2019Acord estrat\u00e8gic per al desenvolupament i ocupaci\u00f3 del Baix Pened\u00e8s 2021.<\/p>\n\n\n\n<p>L\u2019aportaci\u00f3 de l\u2019Ajuntament de la Bisbal del Pened\u00e8s ascendeix a 12.657,64\u20ac i inclou el conveni per a diversos projectes:<\/p>\n\n\n\n<ul><li>Programes Innovadors i Experimentals de la \u201cXarxa d\u2019Ocupaci\u00f3 del Baix Pened\u00e8s\u201d<\/li><li>Projecte Desenvolupament Local (AODL)<\/li><li>Projecte Pla reactivaci\u00f3 econ\u00f2mica<\/li><li>Projecte Treball i Formaci\u00f3 (TREFO)<\/li><li>Projecte Treball i Formaci\u00f3 (TREFO) COVID-19<\/li><li>Pla d\u2019Ocupaci\u00f3 de la Diputaci\u00f3 de Tarragona<\/li><\/ul>\n\n\n\n<hr class=\"wp-block-separator\"\/>\n\n\n\n<p><strong>CASTELLANO | <\/strong>La Junta de Gobierno del 8 de febrero, a petici\u00f3n de la Concejal\u00eda de Ocupaci\u00f3n, ha aprobado el convenio interadministrativo de colaboraci\u00f3n con el Consell Comarcal del Baix Pened\u00e8s y el resto de ayuntamientos de la comarca para la ejecuci\u00f3n de programas de ocupaci\u00f3n que forman parte del Acuerdo estrat\u00e9gico para el desarrollo y ocupaci\u00f3n del Baix Pened\u00e8s 2021.<\/p>\n\n\n\n<p>La aportaci\u00f3n del Ayuntamiento de la Bisbal del Pened\u00e8s asciende a 12.657,64\u20ac e incluye el convenio para varios proyectos:<\/p>\n\n\n\n<ul><li>Programas Innovadores y Experimentales de la \u201cXarxa d\u2019Ocupaci\u00f3 del Baix Pened\u00e8s\u201d<\/li><li>Proyecto Desenvolupament Local (AODL)<\/li><li>Proyecto Plan reactivaci\u00f3n econ\u00f3mica<\/li><li>Proyecto Treball i Formaci\u00f3 (TREFO)<\/li><li>Proyecto Treball i Formaci\u00f3 (TREFO) COVID-19<\/li><li>Plan de Ocupaci\u00f3n de la Diputaci\u00f3n de Tarragona<\/li><\/ul>\n","protected":false},"excerpt":{"rendered":"<p>La Junta de Govern del 8 de febrer, a petici\u00f3 de la Regidoria d\u2019Ocupaci\u00f3, ha aprovat el conveni interadministratiu de col\u00b7laboraci\u00f3 amb el Consell Comarcal del Baix Pened\u00e8s i la &hellip; <a href=\"https:\/\/bisbalpenedes.com\/web\/2021\/02\/10\/saprova-el-conveni-de-collaboracio-amb-el-ccbp-per-a-lexecucio-dels-programes-docupacio-2021\/\" class=\"more-link\">Read More<\/a><\/p>\n","protected":false},"author":4,"featured_media":2199,"comment_status":"closed","ping_status":"closed","sticky":false,"template":"","format":"standard","meta":[],"categories":[8,9],"tags":[1064,1056,4334],"_links":{"self":[{"href":"https:\/\/bisbalpenedes.com\/web\/wp-json\/wp\/v2\/posts\/16430"}],"collection":[{"href":"https:\/\/bisbalpenedes.com\/web\/wp-json\/wp\/v2\/posts"}],"about":[{"href":"https:\/\/bisbalpenedes.com\/web\/wp-json\/wp\/v2\/types\/post"}],"author":[{"embeddable":true,"href":"https:\/\/bisbalpenedes.com\/web\/wp-json\/wp\/v2\/users\/4"}],"replies":[{"embeddable":true,"href":"https:\/\/bisbalpenedes.com\/web\/wp-json\/wp\/v2\/comments?post=16430"}],"version-history":[{"count":1,"href":"https:\/\/bisbalpenedes.com\/web\/wp-json\/wp\/v2\/posts\/16430\/revisions"}],"predecessor-version":[{"id":16431,"href":"https:\/\/bisbalpenedes.com\/web\/wp-json\/wp\/v2\/posts\/16430\/revisions\/16431"}],"wp:featuredmedia":[{"embeddable":true,"href":"https:\/\/bisbalpenedes.com\/web\/wp-json\/wp\/v2\/media\/2199"}],"wp:attachment":[{"href":"https:\/\/bisbalpenedes.com\/web\/wp-json\/wp\/v2\/media?parent=16430"}],"wp:term":[{"taxonomy":"category","embeddable":true,"href":"https:\/\/bisbalpenedes.com\/web\/wp-json\/wp\/v2\/categories?post=16430"},{"taxonomy":"post_tag","embeddable":true,"href":"https:\/\/bisbalpenedes.com\/web\/wp-json\/wp\/v2\/tags?post=16430"}],"curies":[{"name":"wp","href":"https:\/\/api.w.org\/{rel}","templated":true}]}}