{"id":16424,"date":"2021-02-10T14:47:27","date_gmt":"2021-02-10T12:47:27","guid":{"rendered":"https:\/\/bisbalpenedes.com\/web\/?p=16424"},"modified":"2021-02-10T14:47:27","modified_gmt":"2021-02-10T12:47:27","slug":"siguem-civics-i-respectuosos-amb-els-altres","status":"publish","type":"post","link":"https:\/\/bisbalpenedes.com\/web\/2021\/02\/10\/siguem-civics-i-respectuosos-amb-els-altres\/","title":{"rendered":"Siguem c\u00edvics i respectuosos amb els altres"},"content":{"rendered":"\n<figure class=\"wp-block-image size-large\"><img loading=\"lazy\" width=\"1024\" height=\"1024\" src=\"https:\/\/bisbalpenedes.com\/web\/wp-content\/uploads\/2021\/02\/papereres-incivisme-9-febrer-2021-1024x1024.jpeg\" alt=\"\" class=\"wp-image-16425\" srcset=\"https:\/\/bisbalpenedes.com\/web\/wp-content\/uploads\/2021\/02\/papereres-incivisme-9-febrer-2021-1024x1024.jpeg 1024w, https:\/\/bisbalpenedes.com\/web\/wp-content\/uploads\/2021\/02\/papereres-incivisme-9-febrer-2021-300x300.jpeg 300w, https:\/\/bisbalpenedes.com\/web\/wp-content\/uploads\/2021\/02\/papereres-incivisme-9-febrer-2021-100x100.jpeg 100w, https:\/\/bisbalpenedes.com\/web\/wp-content\/uploads\/2021\/02\/papereres-incivisme-9-febrer-2021-600x600.jpeg 600w, https:\/\/bisbalpenedes.com\/web\/wp-content\/uploads\/2021\/02\/papereres-incivisme-9-febrer-2021-150x150.jpeg 150w, https:\/\/bisbalpenedes.com\/web\/wp-content\/uploads\/2021\/02\/papereres-incivisme-9-febrer-2021-768x768.jpeg 768w, https:\/\/bisbalpenedes.com\/web\/wp-content\/uploads\/2021\/02\/papereres-incivisme-9-febrer-2021-1536x1536.jpeg 1536w, https:\/\/bisbalpenedes.com\/web\/wp-content\/uploads\/2021\/02\/papereres-incivisme-9-febrer-2021.jpeg 2048w\" sizes=\"(max-width: 1024px) 100vw, 1024px\" \/><\/figure>\n\n\n\n<p>Una vegada m\u00e9s, hem de lamentar la mala gesti\u00f3 que fan, algunes persones, de les seves escombraries.\u00a0<\/p>\n\n\n\n<p>Aquest \u00e9s l\u2019aspecte que presentaven diverses papereres i els contenidors per a vidre aquest dilluns al nucli.&nbsp;<\/p>\n\n\n\n<p>Volem recordar a les persones que fan aquest mal \u00fas de les papereres que, aquestes, NO s\u00f3n contenidors.<\/p>\n\n\n\n<p>Tamb\u00e9 us recordem que, en el cas dels contenidors, cada tipus de residu t\u00e9 un contenidor espec\u00edfic i que les escombraries no s\u2019han de dipositar, en cap cas, a terra o l\u2019exterior dels contenidors.<\/p>\n\n\n\n<p>Recordem la necessitat de reciclar, i que mantenir el municipi i l\u2019entorn net \u00e9s una responsabilitat de tots. Siguem c\u00edvics i respectuosos amb els altres!<\/p>\n\n\n\n<p>&#8212;<\/p>\n\n\n\n<p>Una vez m\u00e1s, hemos de lamentar la mala gesti\u00f3n que hacen, algunas personas, de su basura.&nbsp;<\/p>\n\n\n\n<p>Este es el aspecto que presentaban varias papeleras y los contenedores para vidrio este lunes en el n\u00facleo.&nbsp;<\/p>\n\n\n\n<p>Queremos recordar a las personas que hacen este mal uso de las papeleras que, estas, NO son contenedores.<\/p>\n\n\n\n<p>Tambi\u00e9n os recordamos que, en el caso de los contenedores, cada tipo de residuo tiene un contenedor espec\u00edfico y que la basura no se debe depositar, en ning\u00fan caso, en el suelo o en el exterior de los contenedores.<\/p>\n\n\n\n<p>Recordamos la necesidad de reciclar, y que mantener el municipio y el entorno limpio es una responsabilidad de todos. \u00a1Seamos c\u00edvicos y respetuosos con los dem\u00e1s!<\/p>\n","protected":false},"excerpt":{"rendered":"<p>Una vegada m\u00e9s, hem de lamentar la mala gesti\u00f3 que fan, algunes persones, de les seves escombraries.\u00a0 Aquest \u00e9s l\u2019aspecte que presentaven diverses papereres i els contenidors per a vidre &hellip; <a href=\"https:\/\/bisbalpenedes.com\/web\/2021\/02\/10\/siguem-civics-i-respectuosos-amb-els-altres\/\" class=\"more-link\">Read More<\/a><\/p>\n","protected":false},"author":4,"featured_media":16425,"comment_status":"closed","ping_status":"closed","sticky":false,"template":"","format":"standard","meta":[],"categories":[3215,32,8],"tags":[1131,626],"_links":{"self":[{"href":"https:\/\/bisbalpenedes.com\/web\/wp-json\/wp\/v2\/posts\/16424"}],"collection":[{"href":"https:\/\/bisbalpenedes.com\/web\/wp-json\/wp\/v2\/posts"}],"about":[{"href":"https:\/\/bisbalpenedes.com\/web\/wp-json\/wp\/v2\/types\/post"}],"author":[{"embeddable":true,"href":"https:\/\/bisbalpenedes.com\/web\/wp-json\/wp\/v2\/users\/4"}],"replies":[{"embeddable":true,"href":"https:\/\/bisbalpenedes.com\/web\/wp-json\/wp\/v2\/comments?post=16424"}],"version-history":[{"count":1,"href":"https:\/\/bisbalpenedes.com\/web\/wp-json\/wp\/v2\/posts\/16424\/revisions"}],"predecessor-version":[{"id":16426,"href":"https:\/\/bisbalpenedes.com\/web\/wp-json\/wp\/v2\/posts\/16424\/revisions\/16426"}],"wp:featuredmedia":[{"embeddable":true,"href":"https:\/\/bisbalpenedes.com\/web\/wp-json\/wp\/v2\/media\/16425"}],"wp:attachment":[{"href":"https:\/\/bisbalpenedes.com\/web\/wp-json\/wp\/v2\/media?parent=16424"}],"wp:term":[{"taxonomy":"category","embeddable":true,"href":"https:\/\/bisbalpenedes.com\/web\/wp-json\/wp\/v2\/categories?post=16424"},{"taxonomy":"post_tag","embeddable":true,"href":"https:\/\/bisbalpenedes.com\/web\/wp-json\/wp\/v2\/tags?post=16424"}],"curies":[{"name":"wp","href":"https:\/\/api.w.org\/{rel}","templated":true}]}}