{"id":16422,"date":"2021-02-09T14:44:00","date_gmt":"2021-02-09T12:44:00","guid":{"rendered":"https:\/\/bisbalpenedes.com\/web\/?p=16422"},"modified":"2021-02-10T14:45:47","modified_gmt":"2021-02-10T12:45:47","slug":"proximament-sobrira-el-termini-per-presentar-se-a-jutge-de-pau-substitut","status":"publish","type":"post","link":"https:\/\/bisbalpenedes.com\/web\/2021\/02\/09\/proximament-sobrira-el-termini-per-presentar-se-a-jutge-de-pau-substitut\/","title":{"rendered":"Pr\u00f3ximament s\u2019obrir\u00e0 el termini per presentar-se a Jutge de Pau substitut"},"content":{"rendered":"\n<p>El passat 5 de febrer es va signar un Decret d\u2019alcaldia per iniciar l\u2019expedient per al nomenament del Jutge de Pau substitut, ja que la Bisbal del Pened\u00e8s disposa de Jutjat de Pau amb titular nomenat per\u00f2 sense tenir nomenat cap Jutge de Pau substitut.<\/p>\n\n\n\n<p>Quan es publiqui al BOP de Tarragona la convocat\u00f2ria, hi haur\u00e0 un termini de 15 dies h\u00e0bils perqu\u00e8 les persones que estiguin interessades A ocupar el c\u00e0rrec de Jutge de Pau substitut i reuneixin les condicions legals, ho sol\u00b7licitin. Es tracta d\u2019un c\u00e0rrec per quatre anys.<\/p>\n\n\n\n<p>Els requisits que se sol\u00b7liciten s\u00f3n els seg\u00fcents:<\/p>\n\n\n\n<p>\u00b7Nacionalitat espanyola<\/p>\n\n\n\n<p>\u00b7Major d\u2019edat<\/p>\n\n\n\n<p>\u00b7No estar impedit f\u00edsicament o ps\u00edquicament per a la funci\u00f3 judicial<\/p>\n\n\n\n<p>\u00b7No estar condemnat per delicte dol\u00f3s en tant que hagi obtingut la rehabilitaci\u00f3<\/p>\n\n\n\n<p>\u00b7No estar processat o inculpat per delicte dol\u00f3s, mentre no sigui absolt o es dicti interlocut\u00f2ria de sobrese\u00efment<\/p>\n\n\n\n<p>\u00b7No pert\u00e0nyer a cap partit pol\u00edtic o sindicat i no estar treballant al servei dels mateixos<\/p>\n\n\n\n<p>\u00b7Trobar-se en l\u2019exercici dels seus drets civils<\/p>\n\n\n\n<p>Documentaci\u00f3 a presentar:<\/p>\n\n\n\n<p>\u00b7Model de sol\u00b7licitud<\/p>\n\n\n\n<p>\u00b7C\u00f2pia del DNI<\/p>\n\n\n\n<p>\u00b7Curr\u00edculum vitae<\/p>\n\n\n\n<p>Per a m\u00e9s informaci\u00f3 podeu accedir a la Seu electr\u00f2nica, on podreu consultar l\u2019Edicte:&nbsp;<a href=\"https:\/\/bisbalpenedes.eadministracio.cat\/info.9\">https:\/\/bisbalpenedes.eadministracio.cat\/info.9<\/a><\/p>\n\n\n\n<p><a href=\"https:\/\/bisbalpenedes.eadministracio.cat\/info.9\"><\/a><\/p>\n\n\n\n<p><strong>&#8212;<\/strong><\/p>\n\n\n\n<p><strong>CASTELLANO |<\/strong>&nbsp;El pasado 5 de febrero se firm\u00f3 un Decreto de alcald\u00eda para iniciar el expediente para el nombramiento del Juez de Paz sustituto, ya que la Bisbal del Pened\u00e8s dispone de Juzgado de Paz con titular nombrado pero sin tener nombrado ning\u00fan Juez de Paz sustituto.<\/p>\n\n\n\n<p>Cuando se publique en el BOP de Tarragona la convocatoria, habr\u00e1 un plazo de 15 d\u00edas h\u00e1biles para que las personas que est\u00e9n interesadas en ocupar el cargo de Juez de Paz sustituto y re\u00fanan las condiciones legales, lo soliciten. Se trata de un cargo para cuatro a\u00f1os.<\/p>\n\n\n\n<p>Los requisitos que se solicitan son los siguientes:<\/p>\n\n\n\n<p>\u00b7Nacionalidad espa\u00f1ola<\/p>\n\n\n\n<p>\u00b7Mayor de edad<\/p>\n\n\n\n<p>\u00b7No estar impedido f\u00edsicamente o ps\u00edquicamente para la funci\u00f3n judicial<\/p>\n\n\n\n<p>\u00b7No estar condenado por delito doloso en tanto que se haya obtenido la rehabilitaci\u00f3n<\/p>\n\n\n\n<p>\u00b7No estar procesado o inculpado por delito doloso en tanto no sea absuelto o se dicte auto de sobreseimiento<\/p>\n\n\n\n<p>\u00b7No pertenecer a ning\u00fan partido pol\u00edtico o sindicato y no estar trabajando al servicio de los mismos<\/p>\n\n\n\n<p>\u00b7Encontrase en el ejercicio de sus derechos civiles<\/p>\n\n\n\n<p>Documentaci\u00f3n a presentar:<\/p>\n\n\n\n<p>\u00b7Modelo de solicitud<\/p>\n\n\n\n<p>\u00b7Copia del DNI<\/p>\n\n\n\n<p>\u00b7Curr\u00edculum vitae<\/p>\n\n\n\n<p>Para m\u00e1s informaci\u00f3n pod\u00e9is acceder a la Sede electr\u00f3nica, donde podr\u00e9is consultar el Edicto:&nbsp;<a href=\"https:\/\/bisbalpenedes.eadministracio.cat\/info.9\">https:\/\/bisbalpenedes.eadministracio.cat\/info.9<\/a><\/p>\n","protected":false},"excerpt":{"rendered":"<p>El passat 5 de febrer es va signar un Decret d\u2019alcaldia per iniciar l\u2019expedient per al nomenament del Jutge de Pau substitut, ja que la Bisbal del Pened\u00e8s disposa de &hellip; <a href=\"https:\/\/bisbalpenedes.com\/web\/2021\/02\/09\/proximament-sobrira-el-termini-per-presentar-se-a-jutge-de-pau-substitut\/\" class=\"more-link\">Read More<\/a><\/p>\n","protected":false},"author":4,"featured_media":15216,"comment_status":"closed","ping_status":"closed","sticky":false,"template":"","format":"standard","meta":[],"categories":[2057,8],"tags":[],"_links":{"self":[{"href":"https:\/\/bisbalpenedes.com\/web\/wp-json\/wp\/v2\/posts\/16422"}],"collection":[{"href":"https:\/\/bisbalpenedes.com\/web\/wp-json\/wp\/v2\/posts"}],"about":[{"href":"https:\/\/bisbalpenedes.com\/web\/wp-json\/wp\/v2\/types\/post"}],"author":[{"embeddable":true,"href":"https:\/\/bisbalpenedes.com\/web\/wp-json\/wp\/v2\/users\/4"}],"replies":[{"embeddable":true,"href":"https:\/\/bisbalpenedes.com\/web\/wp-json\/wp\/v2\/comments?post=16422"}],"version-history":[{"count":1,"href":"https:\/\/bisbalpenedes.com\/web\/wp-json\/wp\/v2\/posts\/16422\/revisions"}],"predecessor-version":[{"id":16423,"href":"https:\/\/bisbalpenedes.com\/web\/wp-json\/wp\/v2\/posts\/16422\/revisions\/16423"}],"wp:featuredmedia":[{"embeddable":true,"href":"https:\/\/bisbalpenedes.com\/web\/wp-json\/wp\/v2\/media\/15216"}],"wp:attachment":[{"href":"https:\/\/bisbalpenedes.com\/web\/wp-json\/wp\/v2\/media?parent=16422"}],"wp:term":[{"taxonomy":"category","embeddable":true,"href":"https:\/\/bisbalpenedes.com\/web\/wp-json\/wp\/v2\/categories?post=16422"},{"taxonomy":"post_tag","embeddable":true,"href":"https:\/\/bisbalpenedes.com\/web\/wp-json\/wp\/v2\/tags?post=16422"}],"curies":[{"name":"wp","href":"https:\/\/api.w.org\/{rel}","templated":true}]}}