{"id":16418,"date":"2021-02-10T14:43:47","date_gmt":"2021-02-10T12:43:47","guid":{"rendered":"https:\/\/bisbalpenedes.com\/web\/?p=16418"},"modified":"2021-02-10T14:43:57","modified_gmt":"2021-02-10T12:43:57","slug":"aquests-son-els-premis-del-concurs-de-fotografia-del-carnaval-2021","status":"publish","type":"post","link":"https:\/\/bisbalpenedes.com\/web\/2021\/02\/10\/aquests-son-els-premis-del-concurs-de-fotografia-del-carnaval-2021\/","title":{"rendered":"Aquests s\u00f3n els premis del Concurs de fotografia d&#8217;Instagram del Carnaval 2021"},"content":{"rendered":"\n<figure class=\"wp-block-image size-large\"><img loading=\"lazy\" width=\"965\" height=\"1024\" src=\"https:\/\/bisbalpenedes.com\/web\/wp-content\/uploads\/2021\/02\/CONCURS_CARNAVAL21AB2-965x1024.jpg\" alt=\"\" class=\"wp-image-16303\" srcset=\"https:\/\/bisbalpenedes.com\/web\/wp-content\/uploads\/2021\/02\/CONCURS_CARNAVAL21AB2-965x1024.jpg 965w, https:\/\/bisbalpenedes.com\/web\/wp-content\/uploads\/2021\/02\/CONCURS_CARNAVAL21AB2-600x637.jpg 600w, https:\/\/bisbalpenedes.com\/web\/wp-content\/uploads\/2021\/02\/CONCURS_CARNAVAL21AB2-283x300.jpg 283w, https:\/\/bisbalpenedes.com\/web\/wp-content\/uploads\/2021\/02\/CONCURS_CARNAVAL21AB2-768x815.jpg 768w, https:\/\/bisbalpenedes.com\/web\/wp-content\/uploads\/2021\/02\/CONCURS_CARNAVAL21AB2-1448x1536.jpg 1448w, https:\/\/bisbalpenedes.com\/web\/wp-content\/uploads\/2021\/02\/CONCURS_CARNAVAL21AB2-1930x2048.jpg 1930w, https:\/\/bisbalpenedes.com\/web\/wp-content\/uploads\/2021\/02\/CONCURS_CARNAVAL21AB2.jpg 2000w\" sizes=\"(max-width: 965px) 100vw, 965px\" \/><\/figure>\n\n\n\n<p>Enguany no hi haur\u00e0 rua i no podrem gaudir de la resta d\u2019actes de Carnaval. Per aix\u00f2, des de les Regidories de Cultura i Festes hem organitzat un concurs de fotografia, perqu\u00e8 tothom es pugui disfressar i passar una bona estona en fam\u00edlia o amb la seva bombolla.<\/p>\n\n\n\n<p>Participar en el concurs \u00e9s molt f\u00e0cil:<\/p>\n\n\n\n<p>-Fes-te una fotografia disfressat o disfressada<\/p>\n\n\n\n<p>-Comparteix-la en un perfil p\u00fablic d\u2019Instagram amb l\u2019etiqueta #CapturaElCarnaval els dies 12, 13 i 14 de febrer<\/p>\n\n\n\n<p>-Podeu participar en el concurs amb diverses fotografies<\/p>\n\n\n\n<p>Podreu guanyar algun dels premis seg\u00fcents:<\/p>\n\n\n\n<p><strong>ADULTS<\/strong><\/p>\n\n\n\n<p><strong>Primer premi:<\/strong>\u00a0un lot de productes Oli Torclum + Un lot de productes de Cellers Domenys<\/p>\n\n\n\n<p><strong>Segon Premi:<\/strong>\u00a0un massatge a Mi ser, Bienestar natural + un val de 15 euros per gastar a La Botiga de la Gemma<\/p>\n\n\n\n<p><strong>INFANTIL<\/strong><\/p>\n\n\n\n<p><strong>Primer premi:<\/strong>\u00a0un lot de productes bisbalencs per fer un bon berenar<\/p>\n\n\n\n<p><strong>Segon premi:\u00a0<\/strong>una coca del Forn de les escales i un assortit de mini croissants del Forn Aresmar<\/p>\n\n\n\n<p><strong>GRUP BOMBOLLA<\/strong><\/p>\n\n\n\n<p><strong>Primer premi:<\/strong>\u00a0un lot de productes bisbalencs per a tota la fam\u00edlia + un val de la Botiga de la Gemma per valor de 15 euros<\/p>\n\n\n\n<p><strong>Segon premi:<\/strong>\u00a0una safata d\u2019embotits del Supermercat Jaume i una safata d\u2019embotits de Cal Perebusquet<\/p>\n\n\n\n<p>Els guanyadors dels premis es decidiran el dia 19 de febrer. Recordeu que el perfil des del qual participeu en el concurs ha de ser p\u00fablic, perqu\u00e8 tothom pugui veure les fotografies penjades amb l\u2019etiqueta del concurs.<\/p>\n\n\n\n<p>Gaudeix-lo i celebra\u2019l com cal #CapturaElCarnaval<\/p>\n\n\n\n<hr class=\"wp-block-separator\"\/>\n\n\n\n<p>Este a\u00f1o no habr\u00e1<em>&nbsp;r\u00faa<\/em>&nbsp;y no podremos disfrutar del resto de actos de Carnaval. Por eso, desde las concejal\u00edas de Cultura y Fiestas hemos organizado un concurso de fotograf\u00eda, para que todos os pod\u00e1is disfrazar y pasar un buen rato en familia o con vuestra burbuja.<\/p>\n\n\n\n<p>Participar en el concurso es muy f\u00e1cil:<\/p>\n\n\n\n<p>-Hazte una fotograf\u00eda disfrazado o disfrazada<\/p>\n\n\n\n<p>-Comp\u00e1rtela en un perfil p\u00fablico de Instagram con la etiqueta #CapturaElCarnaval los d\u00edas 12, 13 y 14 de febrero<\/p>\n\n\n\n<p>-Pod\u00e9is participar en el concurso con varias fotograf\u00edas<\/p>\n\n\n\n<p>Podr\u00e9is ganar alguno de los siguientes premios:<\/p>\n\n\n\n<p><strong>ADULTOS<\/strong><\/p>\n\n\n\n<p><strong>Primer premio:<\/strong>\u00a0un lote de productos Oli Torclum + Un lote de productos de Cellers Domenys<\/p>\n\n\n\n<p><strong>Segundo premio:<\/strong>\u00a0un masaje en Mi ser, Bienestar natural + un vale de 15 euros para gastar en La Botiga de la Gemma<\/p>\n\n\n\n<p><strong>INFANTIL<\/strong><\/p>\n\n\n\n<p><strong>Primer premio:<\/strong>\u00a0un lote de productos bisbalenses para hacer una buena merienda<\/p>\n\n\n\n<p><strong>Segundo premio:<\/strong>\u00a0una coca del Forn de les escales y un surtido de mini croissants del Forn Aresmar<\/p>\n\n\n\n<p><strong>GRUPO BURBUJA<\/strong><\/p>\n\n\n\n<p><strong>Primer premio:<\/strong>\u00a0un lote de productos bisbalenses para toda la familia + un vale de la Botiga de la Gemma por un valor de 15 euros<\/p>\n\n\n\n<p><strong>Segundo premio:\u00a0<\/strong>una bandeja de embutidos del Supermercat Jaume y una bandeja de embutidos de Cal Perebusquet<\/p>\n\n\n\n<p>Los ganadores de los premios se decidir\u00e1n el d\u00eda 19 de febrero. Recordad que el perfil desde el que particip\u00e9is en el concurso tiene que ser p\u00fablico, para que todos puedan ver las fotograf\u00edas colgadas con la etiqueta del concurso.<\/p>\n\n\n\n<p>Disfruta el carnaval i cel\u00e9bralo como se merece #CapturaElCarnaval<\/p>\n","protected":false},"excerpt":{"rendered":"<p>Enguany no hi haur\u00e0 rua i no podrem gaudir de la resta d\u2019actes de Carnaval. Per aix\u00f2, des de les Regidories de Cultura i Festes hem organitzat un concurs de &hellip; <a href=\"https:\/\/bisbalpenedes.com\/web\/2021\/02\/10\/aquests-son-els-premis-del-concurs-de-fotografia-del-carnaval-2021\/\" class=\"more-link\">Read More<\/a><\/p>\n","protected":false},"author":4,"featured_media":16303,"comment_status":"closed","ping_status":"closed","sticky":false,"template":"","format":"standard","meta":[],"categories":[13,1042,8],"tags":[],"_links":{"self":[{"href":"https:\/\/bisbalpenedes.com\/web\/wp-json\/wp\/v2\/posts\/16418"}],"collection":[{"href":"https:\/\/bisbalpenedes.com\/web\/wp-json\/wp\/v2\/posts"}],"about":[{"href":"https:\/\/bisbalpenedes.com\/web\/wp-json\/wp\/v2\/types\/post"}],"author":[{"embeddable":true,"href":"https:\/\/bisbalpenedes.com\/web\/wp-json\/wp\/v2\/users\/4"}],"replies":[{"embeddable":true,"href":"https:\/\/bisbalpenedes.com\/web\/wp-json\/wp\/v2\/comments?post=16418"}],"version-history":[{"count":3,"href":"https:\/\/bisbalpenedes.com\/web\/wp-json\/wp\/v2\/posts\/16418\/revisions"}],"predecessor-version":[{"id":16421,"href":"https:\/\/bisbalpenedes.com\/web\/wp-json\/wp\/v2\/posts\/16418\/revisions\/16421"}],"wp:featuredmedia":[{"embeddable":true,"href":"https:\/\/bisbalpenedes.com\/web\/wp-json\/wp\/v2\/media\/16303"}],"wp:attachment":[{"href":"https:\/\/bisbalpenedes.com\/web\/wp-json\/wp\/v2\/media?parent=16418"}],"wp:term":[{"taxonomy":"category","embeddable":true,"href":"https:\/\/bisbalpenedes.com\/web\/wp-json\/wp\/v2\/categories?post=16418"},{"taxonomy":"post_tag","embeddable":true,"href":"https:\/\/bisbalpenedes.com\/web\/wp-json\/wp\/v2\/tags?post=16418"}],"curies":[{"name":"wp","href":"https:\/\/api.w.org\/{rel}","templated":true}]}}