{"id":1638,"date":"2016-05-02T17:55:37","date_gmt":"2016-05-02T11:55:37","guid":{"rendered":"http:\/\/bisbalpenedes.com\/web\/?p=1638"},"modified":"2016-05-02T17:57:29","modified_gmt":"2016-05-02T11:57:29","slug":"nous-llibres-a-la-biblioteca-publica","status":"publish","type":"post","link":"https:\/\/bisbalpenedes.com\/web\/2016\/05\/02\/nous-llibres-a-la-biblioteca-publica\/","title":{"rendered":"Nous Llibres a la Biblioteca P\u00fablica"},"content":{"rendered":"<p>Des de la Regidoria de Cultura de l&#8217;Ajuntament de la Bisbal, i amb la col.laboraci\u00f3 de la Diputaci\u00f3 de Tarragona, s&#8217;ha procedit a l&#8217;adquisici\u00f3 d&#8217;una vuitena de nous llibres per al fons de la Biblioteca. Podeu trobar novel.la, prosa, llibres infantils, estudis, best sellers&#8230;<\/p>\n<p>El llistat complet de les obres adquirides el podeu consultar aqui<\/p>\n<p><a href=\"http:\/\/bisbalpenedes.com\/web\/wp-content\/uploads\/2016\/05\/llistat_84_llibres.jpg\"><img loading=\"lazy\" src=\"http:\/\/bisbalpenedes.com\/web\/wp-content\/uploads\/2016\/05\/llistat_84_llibres.jpg\" alt=\"\" title=\"llistat_84_llibres\" width=\"780\" height=\"807\" class=\"alignleft size-full wp-image-1639\" srcset=\"https:\/\/bisbalpenedes.com\/web\/wp-content\/uploads\/2016\/05\/llistat_84_llibres.jpg 780w, https:\/\/bisbalpenedes.com\/web\/wp-content\/uploads\/2016\/05\/llistat_84_llibres-600x621.jpg 600w, https:\/\/bisbalpenedes.com\/web\/wp-content\/uploads\/2016\/05\/llistat_84_llibres-289x300.jpg 289w\" sizes=\"(max-width: 780px) 100vw, 780px\" \/><\/a><\/p>\n<p><a href=\"http:\/\/bisbalpenedes.com\/web\/wp-content\/uploads\/2016\/05\/diputacio_suport.jpg\"><img loading=\"lazy\" src=\"http:\/\/bisbalpenedes.com\/web\/wp-content\/uploads\/2016\/05\/diputacio_suport-300x151.jpg\" alt=\"\" title=\"Diputaci\u00f3d e Tarragona\" width=\"300\" height=\"151\" class=\"alignleft size-medium wp-image-1640\" srcset=\"https:\/\/bisbalpenedes.com\/web\/wp-content\/uploads\/2016\/05\/diputacio_suport-300x151.jpg 300w, https:\/\/bisbalpenedes.com\/web\/wp-content\/uploads\/2016\/05\/diputacio_suport-600x302.jpg 600w, https:\/\/bisbalpenedes.com\/web\/wp-content\/uploads\/2016\/05\/diputacio_suport.jpg 832w\" sizes=\"(max-width: 300px) 100vw, 300px\" \/><\/a><\/p>\n","protected":false},"excerpt":{"rendered":"<p>Des de la Regidoria de Cultura de l&#8217;Ajuntament de la Bisbal, i amb la col.laboraci\u00f3 de la Diputaci\u00f3 de Tarragona, s&#8217;ha procedit a l&#8217;adquisici\u00f3 d&#8217;una vuitena de nous llibres per &hellip; <a href=\"https:\/\/bisbalpenedes.com\/web\/2016\/05\/02\/nous-llibres-a-la-biblioteca-publica\/\" class=\"more-link\">Read More<\/a><\/p>\n","protected":false},"author":1,"featured_media":1641,"comment_status":"closed","ping_status":"closed","sticky":false,"template":"","format":"standard","meta":[],"categories":[13],"tags":[180,100,148],"_links":{"self":[{"href":"https:\/\/bisbalpenedes.com\/web\/wp-json\/wp\/v2\/posts\/1638"}],"collection":[{"href":"https:\/\/bisbalpenedes.com\/web\/wp-json\/wp\/v2\/posts"}],"about":[{"href":"https:\/\/bisbalpenedes.com\/web\/wp-json\/wp\/v2\/types\/post"}],"author":[{"embeddable":true,"href":"https:\/\/bisbalpenedes.com\/web\/wp-json\/wp\/v2\/users\/1"}],"replies":[{"embeddable":true,"href":"https:\/\/bisbalpenedes.com\/web\/wp-json\/wp\/v2\/comments?post=1638"}],"version-history":[{"count":4,"href":"https:\/\/bisbalpenedes.com\/web\/wp-json\/wp\/v2\/posts\/1638\/revisions"}],"predecessor-version":[{"id":1645,"href":"https:\/\/bisbalpenedes.com\/web\/wp-json\/wp\/v2\/posts\/1638\/revisions\/1645"}],"wp:featuredmedia":[{"embeddable":true,"href":"https:\/\/bisbalpenedes.com\/web\/wp-json\/wp\/v2\/media\/1641"}],"wp:attachment":[{"href":"https:\/\/bisbalpenedes.com\/web\/wp-json\/wp\/v2\/media?parent=1638"}],"wp:term":[{"taxonomy":"category","embeddable":true,"href":"https:\/\/bisbalpenedes.com\/web\/wp-json\/wp\/v2\/categories?post=1638"},{"taxonomy":"post_tag","embeddable":true,"href":"https:\/\/bisbalpenedes.com\/web\/wp-json\/wp\/v2\/tags?post=1638"}],"curies":[{"name":"wp","href":"https:\/\/api.w.org\/{rel}","templated":true}]}}