{"id":1635,"date":"2016-05-02T17:45:08","date_gmt":"2016-05-02T11:45:08","guid":{"rendered":"http:\/\/bisbalpenedes.com\/web\/?p=1635"},"modified":"2016-05-02T17:45:08","modified_gmt":"2016-05-02T11:45:08","slug":"netegem-el-torrent-lets-clean-up-europe","status":"publish","type":"post","link":"https:\/\/bisbalpenedes.com\/web\/2016\/05\/02\/netegem-el-torrent-lets-clean-up-europe\/","title":{"rendered":"Netegem el Torrent. Let&#8217;s Clean Up Europe"},"content":{"rendered":"<p>Des de la Regidoria de Medi Ambient de l&#8217;Ajuntament de la Bisbal us volem animar a participar en la campanya Let&#8217;s Clean Up Europe aquest dissabte 7<br \/>\nAnirem a netejar el Torrent, i amb aquesta acci\u00f3 intentarem donar consci\u00e8ncia dels espais naturals i la problem\u00e0tica de la contaminaci\u00f3<br \/>\nSi voleu ficar el vostre granet de sorra i participar en aquesta neteja, veniu el dissabte a la pla\u00e7a de l&#8217;Esgl\u00e9sia a partir de les 11:00h us donarem el material per fer-ho<br \/>\nEspai net, objectiu aconseguit!!<br \/>\n\u202a#\u200ecleanupEurope\u202c \u202a#\u200eletscleanupCAT\u202c<\/p>\n<p><a href=\"http:\/\/bisbalpenedes.com\/web\/wp-content\/uploads\/2016\/05\/CLEAN-DAY-2-2016.jpg\"><img loading=\"lazy\" src=\"http:\/\/bisbalpenedes.com\/web\/wp-content\/uploads\/2016\/05\/CLEAN-DAY-2-2016-212x300.jpg\" alt=\"\" title=\"CLEAN-DAY-2-2016\" width=\"212\" height=\"300\" class=\"alignleft size-medium wp-image-1636\" srcset=\"https:\/\/bisbalpenedes.com\/web\/wp-content\/uploads\/2016\/05\/CLEAN-DAY-2-2016-212x300.jpg 212w, https:\/\/bisbalpenedes.com\/web\/wp-content\/uploads\/2016\/05\/CLEAN-DAY-2-2016-600x848.jpg 600w, https:\/\/bisbalpenedes.com\/web\/wp-content\/uploads\/2016\/05\/CLEAN-DAY-2-2016-724x1024.jpg 724w, https:\/\/bisbalpenedes.com\/web\/wp-content\/uploads\/2016\/05\/CLEAN-DAY-2-2016.jpg 1169w\" sizes=\"(max-width: 212px) 100vw, 212px\" \/><\/a><\/p>\n","protected":false},"excerpt":{"rendered":"<p>Des de la Regidoria de Medi Ambient de l&#8217;Ajuntament de la Bisbal us volem animar a participar en la campanya Let&#8217;s Clean Up Europe aquest dissabte 7 Anirem a netejar &hellip; <a href=\"https:\/\/bisbalpenedes.com\/web\/2016\/05\/02\/netegem-el-torrent-lets-clean-up-europe\/\" class=\"more-link\">Read More<\/a><\/p>\n","protected":false},"author":1,"featured_media":1636,"comment_status":"closed","ping_status":"closed","sticky":false,"template":"","format":"standard","meta":[],"categories":[32],"tags":[179],"_links":{"self":[{"href":"https:\/\/bisbalpenedes.com\/web\/wp-json\/wp\/v2\/posts\/1635"}],"collection":[{"href":"https:\/\/bisbalpenedes.com\/web\/wp-json\/wp\/v2\/posts"}],"about":[{"href":"https:\/\/bisbalpenedes.com\/web\/wp-json\/wp\/v2\/types\/post"}],"author":[{"embeddable":true,"href":"https:\/\/bisbalpenedes.com\/web\/wp-json\/wp\/v2\/users\/1"}],"replies":[{"embeddable":true,"href":"https:\/\/bisbalpenedes.com\/web\/wp-json\/wp\/v2\/comments?post=1635"}],"version-history":[{"count":1,"href":"https:\/\/bisbalpenedes.com\/web\/wp-json\/wp\/v2\/posts\/1635\/revisions"}],"predecessor-version":[{"id":1637,"href":"https:\/\/bisbalpenedes.com\/web\/wp-json\/wp\/v2\/posts\/1635\/revisions\/1637"}],"wp:featuredmedia":[{"embeddable":true,"href":"https:\/\/bisbalpenedes.com\/web\/wp-json\/wp\/v2\/media\/1636"}],"wp:attachment":[{"href":"https:\/\/bisbalpenedes.com\/web\/wp-json\/wp\/v2\/media?parent=1635"}],"wp:term":[{"taxonomy":"category","embeddable":true,"href":"https:\/\/bisbalpenedes.com\/web\/wp-json\/wp\/v2\/categories?post=1635"},{"taxonomy":"post_tag","embeddable":true,"href":"https:\/\/bisbalpenedes.com\/web\/wp-json\/wp\/v2\/tags?post=1635"}],"curies":[{"name":"wp","href":"https:\/\/api.w.org\/{rel}","templated":true}]}}