{"id":16342,"date":"2021-02-05T20:16:46","date_gmt":"2021-02-05T18:16:46","guid":{"rendered":"https:\/\/bisbalpenedes.com\/web\/?p=16342"},"modified":"2021-02-05T20:16:46","modified_gmt":"2021-02-05T18:16:46","slug":"lajuntament-ha-contractat-dos-operaris-de-les-borses-de-treball-per-condicionar-i-arranjar-camins-municipals","status":"publish","type":"post","link":"https:\/\/bisbalpenedes.com\/web\/2021\/02\/05\/lajuntament-ha-contractat-dos-operaris-de-les-borses-de-treball-per-condicionar-i-arranjar-camins-municipals\/","title":{"rendered":"L\u2019Ajuntament ha contractat dos operaris de les borses de treball per condicionar i arranjar camins municipals"},"content":{"rendered":"\n<figure class=\"wp-block-image size-large\"><a href=\"https:\/\/bisbalpenedes.com\/web\/wp-content\/uploads\/2021\/02\/signatura-contracte-leo-treballadors-borsa.jpeg\"><img loading=\"lazy\" width=\"1024\" height=\"768\" src=\"https:\/\/bisbalpenedes.com\/web\/wp-content\/uploads\/2021\/02\/signatura-contracte-leo-treballadors-borsa-1024x768.jpeg\" alt=\"\" class=\"wp-image-16343\" srcset=\"https:\/\/bisbalpenedes.com\/web\/wp-content\/uploads\/2021\/02\/signatura-contracte-leo-treballadors-borsa-1024x768.jpeg 1024w, https:\/\/bisbalpenedes.com\/web\/wp-content\/uploads\/2021\/02\/signatura-contracte-leo-treballadors-borsa-600x450.jpeg 600w, https:\/\/bisbalpenedes.com\/web\/wp-content\/uploads\/2021\/02\/signatura-contracte-leo-treballadors-borsa-300x225.jpeg 300w, https:\/\/bisbalpenedes.com\/web\/wp-content\/uploads\/2021\/02\/signatura-contracte-leo-treballadors-borsa-768x576.jpeg 768w, https:\/\/bisbalpenedes.com\/web\/wp-content\/uploads\/2021\/02\/signatura-contracte-leo-treballadors-borsa-1536x1152.jpeg 1536w, https:\/\/bisbalpenedes.com\/web\/wp-content\/uploads\/2021\/02\/signatura-contracte-leo-treballadors-borsa.jpeg 2048w\" sizes=\"(max-width: 1024px) 100vw, 1024px\" \/><\/a><figcaption>Els nous treballadors signant el contracte acompanyats de la Regidora de Medi Ambient, Leo Uceda<\/figcaption><\/figure>\n\n\n\n<p>La Regidoria de Medi Ambient informa que, aquest dijous, han comen\u00e7at els treballs de condicionament i senyalitzaci\u00f3 de camins per tra\u00e7ar una xarxa de camins municipal amb l\u2019objectiu que hi hagi tres rutes condicionades aquesta primavera. Per dur a terme aquestes tasques s\u2019ha procedit a la contractaci\u00f3 de dues persones, via Decret d\u2019alcaldia, que formaven part de les borses de treball d\u2019operaris de jardineria i neteja vi\u00e0ria i de reparacions i obres. Un dels treballadors tindr\u00e0 contracte fins al 31 de maig i l\u2019altre fins al 31 de mar\u00e7. Les tasques que duran a terme s\u00f3n les seg\u00fcents: condicionament dels camins amb el desbrossament i reparaci\u00f3 de terra i marges i senyalitzaci\u00f3 dels cartells informatius.<\/p>\n\n\n\n<p>Les rutes, per fer caminades, sobre les que es treballa, s\u00f3n:<\/p>\n\n\n\n<p>\u00b7&nbsp;&nbsp;&nbsp;&nbsp;&nbsp;&nbsp;<strong>Ruta 1:<\/strong>&nbsp;tram bisbalenc del cam\u00ed Ral, de 8,5 km<\/p>\n\n\n\n<p>\u00b7&nbsp;&nbsp;&nbsp;&nbsp;&nbsp;&nbsp;<strong>Ruta 2:<\/strong>&nbsp;cap a l\u2019Esplai, Can Gordei i la Miralba pel cam\u00ed de les Clotes, de 8,6 km<\/p>\n\n\n\n<p>\u00b7&nbsp;&nbsp;&nbsp;&nbsp;&nbsp;&nbsp;<strong>Ruta 3:<\/strong>&nbsp;la meixa, puig de Vilafranca i la barraca del vi, de 12,5 km<\/p>\n\n\n\n<p>El condicionament de les rutes permetr\u00e0 que la poblaci\u00f3 pugui disposar d\u2019un espai on fer exercici a l\u2019aire lliure, de manera individual i sense aglomeracions, tenint en compte els beneficis de l\u2019h\u00e0bit de fer activitat f\u00edsica i tamb\u00e9 les restriccions actuals per la pand\u00e8mia de Covid-19. Hi haur\u00e0 senyalitzaci\u00f3 al llarg dels camins i tamb\u00e9 hi haur\u00e0 informaci\u00f3 en tr\u00edptics i en l\u00ednia dels itineraris a seguir, els elements d\u2019inter\u00e8s, enlla\u00e7os en l\u00ednia, descripcions dels espais -i la flora i la fauna dels mateixos \u2013 i la fitxa t\u00e8cnica de cada cam\u00ed. Aquests camins que ara s\u2019arrangen han comptat amb la feina pr\u00e8via del bisbalenc Robert Vall\u00e8s que, gr\u00e0cies a un conveni amb el Departament de Geografia i Hist\u00f2ria de la Universitat de Barcelona per fer pr\u00e0ctiques a l\u2019Ajuntament de la Bisbal del Pened\u00e8s, va realitzar un recull de fitxes de rutes senderistes pel municipi.<\/p>\n\n\n\n<hr class=\"wp-block-separator\"\/>\n\n\n\n<p><strong>CASTELLANO |&nbsp;<\/strong>La Concejal\u00eda de Medio Ambiente informa de que, este jueves, han empezado los trabajos de acondicionamiento y se\u00f1alizaci\u00f3n de los caminos para trazar una red de caminos municipal con el objetivo de que haya rutas acondicionadas esta primavera. Para llevar a cabo estos trabajos se ha procedido a la contrataci\u00f3n de dos personas, v\u00eda Decreto de alcald\u00eda, que formaban parte de las bolsas de trabajo de operarios de jardiner\u00eda y limpieza vial y de reparaciones y obras. Uno de los trabajadores tendr\u00e1 contrato hasta el 31 de mayo y el otro hasta el 31 de marzo. Los trabajos que llevar\u00e1n a cabo son los siguientes: acondicionamiento de los caminos con el desbroce i reparaci\u00f3n del suelo y los m\u00e1rgenes y se\u00f1alizaci\u00f3n de los carteles informativos.<\/p>\n\n\n\n<p>Las rutas, para hacer caminadas, sobre las que se trabaja, son:<\/p>\n\n\n\n<p>\u00b7&nbsp;&nbsp;&nbsp;&nbsp;&nbsp;&nbsp;<strong>Ruta1:<\/strong>&nbsp;tramo bisbalense del&nbsp;<em>cam\u00ed Ral<\/em>, de 8,5 km<\/p>\n\n\n\n<p>\u00b7&nbsp;&nbsp;&nbsp;&nbsp;&nbsp;&nbsp;<strong>Ruta 2:<\/strong>&nbsp;hacia el Esplai, Can Gordei y la Miralba por el&nbsp;<em>cam\u00ed de las Clotes<\/em>, de 8,6 km.<\/p>\n\n\n\n<p>\u00b7&nbsp;&nbsp;&nbsp;&nbsp;&nbsp;&nbsp;<strong>Ruta 3:<\/strong>&nbsp;la&nbsp;<em>meixa,<\/em>&nbsp;<em>puig de Vilafranca<\/em>&nbsp;y&nbsp;<em>la barraca del vi<\/em>, de 12,5 km<\/p>\n\n\n\n<p>El acondicionamiento de las rutas permitir\u00e1 que la poblaci\u00f3n pueda disponer de un espacio en el que hacer ejercicio al aire libre, de manera individual y sin aglomeraciones, teniendo en cuenta los beneficios del h\u00e1bito de hacer actividad f\u00edsica y tambi\u00e9n las restricciones actuales por la pandemia de Covid-19. Habr\u00e1 se\u00f1alizaci\u00f3n a lo largo de los caminos y tambi\u00e9n habr\u00e1 informaci\u00f3n en tr\u00edpticos y en l\u00ednea de los itinerarios a seguir, los elementos de inter\u00e9s, enlaces en l\u00ednea, descripciones de los espacios -y la flora y la fauna de los mismos- y la ficha t\u00e9cnica de cada camino. Estos caminos que ahora se arreglan han contado con el trabajo previo del bisbalense Robert Vall\u00e8s que, gracias a un convenio con el Departamento de Geograf\u00eda e Historia de la Universitat de Barcelona para hacer pr\u00e1cticas en el Ayuntamiento de la Bisbal del Pened\u00e8s, hizo una recopilaci\u00f3n de fichas de rutas senderistas por el municipio.<\/p>\n","protected":false},"excerpt":{"rendered":"<p>La Regidoria de Medi Ambient informa que, aquest dijous, han comen\u00e7at els treballs de condicionament i senyalitzaci\u00f3 de camins per tra\u00e7ar una xarxa de camins municipal amb l\u2019objectiu que hi &hellip; <a href=\"https:\/\/bisbalpenedes.com\/web\/2021\/02\/05\/lajuntament-ha-contractat-dos-operaris-de-les-borses-de-treball-per-condicionar-i-arranjar-camins-municipals\/\" class=\"more-link\">Read More<\/a><\/p>\n","protected":false},"author":4,"featured_media":16343,"comment_status":"closed","ping_status":"closed","sticky":false,"template":"","format":"standard","meta":[],"categories":[32,8],"tags":[4330,4329,220,4331],"_links":{"self":[{"href":"https:\/\/bisbalpenedes.com\/web\/wp-json\/wp\/v2\/posts\/16342"}],"collection":[{"href":"https:\/\/bisbalpenedes.com\/web\/wp-json\/wp\/v2\/posts"}],"about":[{"href":"https:\/\/bisbalpenedes.com\/web\/wp-json\/wp\/v2\/types\/post"}],"author":[{"embeddable":true,"href":"https:\/\/bisbalpenedes.com\/web\/wp-json\/wp\/v2\/users\/4"}],"replies":[{"embeddable":true,"href":"https:\/\/bisbalpenedes.com\/web\/wp-json\/wp\/v2\/comments?post=16342"}],"version-history":[{"count":1,"href":"https:\/\/bisbalpenedes.com\/web\/wp-json\/wp\/v2\/posts\/16342\/revisions"}],"predecessor-version":[{"id":16344,"href":"https:\/\/bisbalpenedes.com\/web\/wp-json\/wp\/v2\/posts\/16342\/revisions\/16344"}],"wp:featuredmedia":[{"embeddable":true,"href":"https:\/\/bisbalpenedes.com\/web\/wp-json\/wp\/v2\/media\/16343"}],"wp:attachment":[{"href":"https:\/\/bisbalpenedes.com\/web\/wp-json\/wp\/v2\/media?parent=16342"}],"wp:term":[{"taxonomy":"category","embeddable":true,"href":"https:\/\/bisbalpenedes.com\/web\/wp-json\/wp\/v2\/categories?post=16342"},{"taxonomy":"post_tag","embeddable":true,"href":"https:\/\/bisbalpenedes.com\/web\/wp-json\/wp\/v2\/tags?post=16342"}],"curies":[{"name":"wp","href":"https:\/\/api.w.org\/{rel}","templated":true}]}}