{"id":16328,"date":"2021-02-04T17:02:04","date_gmt":"2021-02-04T15:02:04","guid":{"rendered":"https:\/\/bisbalpenedes.com\/web\/?p=16328"},"modified":"2021-02-04T17:03:43","modified_gmt":"2021-02-04T15:03:43","slug":"16328","status":"publish","type":"post","link":"https:\/\/bisbalpenedes.com\/web\/2021\/02\/04\/16328\/","title":{"rendered":"El dissabte 6 de febrer a les 18h projectarem \u2018El meu germ\u00e0 persegueix dinosaures\u2019 del Cicle Gaud\u00ed"},"content":{"rendered":"\n<iframe loading=\"lazy\" width=\"560\" height=\"315\" src=\"https:\/\/www.youtube.com\/embed\/qCDkw9RAAws\" frameborder=\"0\" allow=\"accelerometer; autoplay; clipboard-write; encrypted-media; gyroscope; picture-in-picture\" allowfullscreen><\/iframe>\n\n\n\n<p>El dissabte 6 de febrer, a les 18h, projectarem la pel\u00b7l\u00edcula \u2018El meu germ\u00e0 persegueix dinosaures\u2019 del Cicle Gaud\u00ed.<\/p>\n\n\n\n<p>Les taquilles obriran 30 minuts abans amb l\u2019objectiu de tenir un control dels assistents i poder-los ubicar respectant totes les mesures de seguretat per la Covid-19. L\u2019aforament ser\u00e0 limitat.<\/p>\n\n\n\n<p>El preu general de l\u2019entrada \u00e9s de 4,5\u20ac i s\u2019ofereix un preu redu\u00eft de 3\u20ac presentant el carnet de la Biblioteca Municipal de la Bisbal.<\/p>\n\n\n\n<p>Quant a la recaptaci\u00f3, aquesta es destinar\u00e0 a l\u2019entitat del poble que gestioni la venda d\u2019entrades, en aquest cas les Corals Antistiana i Santa Maria.<\/p>\n\n\n\n<p><strong>FITXA T\u00c8CNICA<\/strong><\/p>\n\n\n\n<p>Direcci\u00f3: Stefano Cipani<\/p>\n\n\n\n<p>Gui\u00f3: Fabio Bonifacci<\/p>\n\n\n\n<p>M\u00fasica: Lucas Vidal<\/p>\n\n\n\n<p>Fotografia: Sergi Bartrol\u00ed<\/p>\n\n\n\n<p>Estrena: Juliol 2020<\/p>\n\n\n\n<p>Durada: 100 min.<\/p>\n\n\n\n<p>G\u00e8nere: Com\u00e8dia per a tots els p\u00fablics<\/p>\n\n\n\n<p>Int\u00e8rprets: Alessando Gassman, Isabella Ragonese, Rossy de Palma, Luca Morello, Francesco Gheghi, Antonio Uras, Lorenzo Sisto<\/p>\n\n\n\n<p><strong>SINOPSI<\/strong><\/p>\n\n\n\n<p>El Jack t\u00e9 cinc anys, dues germanes i desitja amb totes les seves forces un germ\u00e0 per jugar a \u201ccoses de nois\u201d. Un dia, els pares li anuncien que tindr\u00e0 un germanet i que ser\u00e0 especial. En Jack est\u00e0 boig d\u2019alegria: \u201cespecial\u201d per a ell significa \u201csuperheroi\u201d. Per\u00f2 amb el pas del temps comen\u00e7a a sentir-se defraudat. El seu germ\u00e0 Giovanni no \u00e9s un superheroi, en realitat \u00e9s que ha nascut amb S\u00edndrome de Down. \u00c9s en aquest moment quan el seu entusiasme es transforma en rebuig i vergonya.<\/p>\n\n\n\n<p>Haur\u00e0 de passar l\u2019adolesc\u00e8ncia per adonar-se que la seva idea inicial no estava tan equivocada: el seu germ\u00e0 Gio contagia tanta vitalitat que arriba a concloure que potser s\u00ed que \u00e9s un superheroi de veritat; i que, en qualsevol cas, \u00e9s el seu millor amic.<\/p>\n\n\n\n<p><strong>\u201cEl meu germ\u00e0 persegueix dinosaures\u201d est\u00e0 basada en la hist\u00f2ria real de Giacomo Mazzariol, l\u2019autor del llibre original i \u201cJack\u201d a la vida real.<\/strong><\/p>\n\n\n\n<hr class=\"wp-block-separator\"\/>\n\n\n\n<p><strong>CASTELLANO | <\/strong>El s\u00e1bado 6 de febrero, a las 18h, proyectaremos la pel\u00edcula \u2018El meu germ\u00e0 persegueix dinosaures\u2019 del Cicle Gaud\u00ed.<\/p>\n\n\n\n<p>Las taquillas abrir\u00e1n 30 minutos antes con el objetivo de tener un control de los asistentes y poderlos ubicar respetando todas las medidas de seguridad por la Covid-19. El aforo ser\u00e1 limitado.<\/p>\n\n\n\n<p>El precio general de la entrada es de 4,5\u20ac y se ofrece un precio reducido de 3\u20ac presentando el carn\u00e9 de la Biblioteca Municipal de la Bisbal.<\/p>\n\n\n\n<p>En cuanto a la recaudaci\u00f3n, esta se destinar\u00e1 a la entidad del pueblo que gestione la venta de entradas, en este caso las Corals Antistiana y Santa Maria.<\/p>\n\n\n\n<p><strong>FICHA T\u00c9CNICA<\/strong><\/p>\n\n\n\n<p>Direcci\u00f3n: Stefano Cipani<\/p>\n\n\n\n<p>Gui\u00f3n: Fabio Bonifacci<\/p>\n\n\n\n<p>M\u00fasica: Lucas Vidal<\/p>\n\n\n\n<p>Fotograf\u00eda: Sergi Bartrol\u00ed<\/p>\n\n\n\n<p>Estreno: Julio 2020<\/p>\n\n\n\n<p>Duraci\u00f3n: 100 min.<\/p>\n\n\n\n<p>G\u00e9nero: Comedia para todos los p\u00fablicos<\/p>\n\n\n\n<p>Int\u00e9rpretes: Alessandro Gassman, Isabella Ragonese, Rossy de Palma, Luca Morello, Francesco Gheghi, Antonio Uras, Lorenzo Sisto.<\/p>\n\n\n\n<p><strong>SINOPSIS<\/strong><\/p>\n\n\n\n<p>Jack tiene cinco a\u00f1os, dos hermanas y desea con todas sus fuerzas un hermano para jugar a \u201ccosas de chicos\u201d. Un d\u00eda, sus padres le anuncian que tendr\u00e1 un hermanito y que ser\u00e1 especial. Jack est\u00e1 loco de alegr\u00eda: \u201cespecial\u201d para \u00e9l significa \u201csuperh\u00e9roe\u201d. Pero con el paso del tiempo empieza a sentirse defraudado. Su hermano Giovanni no es un superh\u00e9roe, la realidad es que ha nacido con S\u00edndrome de Down. Es en este momento cuando su entusiasmo se transforma en rechazo y verg\u00fcenza.<\/p>\n\n\n\n<p>Tendr\u00e1 que pasar la adolescencia para darse cuenta de que su idea inicial no estaba tan equivocada. Su hermano Gio contagia tanta vitalidad que llega a concluir que quiz\u00e1s s\u00ed que es un superh\u00e9roe de verdad; y que, en cualquier caso, es su mejor amigo.<\/p>\n\n\n\n<p>\u201cEl meu germ\u00e0 persegueix dinosaures\u201d est\u00e1 basada en la historia real de Giacomo Mazzariol, el autor del libro original y \u201cJack\u201d en la vida real.<\/p>\n","protected":false},"excerpt":{"rendered":"<p>El dissabte 6 de febrer, a les 18h, projectarem la pel\u00b7l\u00edcula \u2018El meu germ\u00e0 persegueix dinosaures\u2019 del Cicle Gaud\u00ed. Les taquilles obriran 30 minuts abans amb l\u2019objectiu de tenir un &hellip; <a href=\"https:\/\/bisbalpenedes.com\/web\/2021\/02\/04\/16328\/\" class=\"more-link\">Read More<\/a><\/p>\n","protected":false},"author":4,"featured_media":16329,"comment_status":"closed","ping_status":"closed","sticky":false,"template":"","format":"standard","meta":[],"categories":[2942,13,8],"tags":[308,307,4079],"_links":{"self":[{"href":"https:\/\/bisbalpenedes.com\/web\/wp-json\/wp\/v2\/posts\/16328"}],"collection":[{"href":"https:\/\/bisbalpenedes.com\/web\/wp-json\/wp\/v2\/posts"}],"about":[{"href":"https:\/\/bisbalpenedes.com\/web\/wp-json\/wp\/v2\/types\/post"}],"author":[{"embeddable":true,"href":"https:\/\/bisbalpenedes.com\/web\/wp-json\/wp\/v2\/users\/4"}],"replies":[{"embeddable":true,"href":"https:\/\/bisbalpenedes.com\/web\/wp-json\/wp\/v2\/comments?post=16328"}],"version-history":[{"count":4,"href":"https:\/\/bisbalpenedes.com\/web\/wp-json\/wp\/v2\/posts\/16328\/revisions"}],"predecessor-version":[{"id":16333,"href":"https:\/\/bisbalpenedes.com\/web\/wp-json\/wp\/v2\/posts\/16328\/revisions\/16333"}],"wp:featuredmedia":[{"embeddable":true,"href":"https:\/\/bisbalpenedes.com\/web\/wp-json\/wp\/v2\/media\/16329"}],"wp:attachment":[{"href":"https:\/\/bisbalpenedes.com\/web\/wp-json\/wp\/v2\/media?parent=16328"}],"wp:term":[{"taxonomy":"category","embeddable":true,"href":"https:\/\/bisbalpenedes.com\/web\/wp-json\/wp\/v2\/categories?post=16328"},{"taxonomy":"post_tag","embeddable":true,"href":"https:\/\/bisbalpenedes.com\/web\/wp-json\/wp\/v2\/tags?post=16328"}],"curies":[{"name":"wp","href":"https:\/\/api.w.org\/{rel}","templated":true}]}}