{"id":16325,"date":"2021-02-04T16:40:15","date_gmt":"2021-02-04T14:40:15","guid":{"rendered":"https:\/\/bisbalpenedes.com\/web\/?p=16325"},"modified":"2021-02-04T17:14:52","modified_gmt":"2021-02-04T15:14:52","slug":"els-nens-de-1r-de-lescola-ull-de-vent-participen-en-el-programa-dents-fortes-i-sanes","status":"publish","type":"post","link":"https:\/\/bisbalpenedes.com\/web\/2021\/02\/04\/els-nens-de-1r-de-lescola-ull-de-vent-participen-en-el-programa-dents-fortes-i-sanes\/","title":{"rendered":"Els nens de 1r de l&#8217;Escola Ull de Vent participen en el programa Dents Fortes i Sanes"},"content":{"rendered":"\n<p>L\u2019Ag\u00e8ncia de Salut P\u00fablica de Catalunya ha repr\u00e8s el programa Dents Fortes i Sanes, una iniciativa per a la prevenci\u00f3 de la c\u00e0ries i altres malalties bucodentals. El programa s\u2019adre\u00e7a als escolars de primer de prim\u00e0ria i se centra a potenciar el raspallat de les dents com a h\u00e0bit de salut bucodental essencial. Per aquest motiu, les regidories de Sanitat i Ensenyament van sol\u00b7licitar els estotjos d\u2019higiene dental que contenen un raspall de dents i un tub de pasta de dents fluorada per als alumnes de l\u2019Escola Ull de Vent. Aquesta setmana el regidor de Sanitat, Feliu Gil, ha fet entrega dels estoigs al director de l\u2019Escola, \u00c0ngel Espinosa. Trobareu m\u00e9s informaci\u00f3 en aquest enlla\u00e7: <a href=\"https:\/\/canalsalut.gencat.cat\/web\/.content\/_Vida_saludable\/Salut_bucodental\/pdf\/dents_fortes_ra3.pdf\">https:\/\/canalsalut.gencat.cat\/web\/.content\/_Vida_saludable\/Salut_bucodental\/pdf\/dents_fortes_ra3.pdf<\/a><\/p>\n\n\n\n<hr class=\"wp-block-separator\"\/>\n\n\n\n<p>La Agencia de Salud P\u00fablica de Catalunya ha retomado el programa Dientes Fuertes y Sanas, una iniciativa para la prevenci\u00f3n de la caries y otras enfermedades bucodentales. El programa se dirige a los escolares de primero de primaria y se centra en cepillar los dientes como h\u00e1bito de salud bucodental esencial. Por este motivo, las concejal\u00edas de Sanidad y Educaci\u00f3n solicitaron los estuches de higiene dental que contienen un cepillo de dientes y un tubo de pasta de dientes fluorada para los alumnos de la Escola Ull de Vent. Esta semana, el concejal de Sanidad, Feliu Gil, ha hecho entrega de los estuches al director de la Escuela, \u00c0ngel Espinosa. Encontrar\u00e9is m\u00e1s informaci\u00f3n en este enlace: \u00a0<a href=\"https:\/\/canalsalut.gencat.cat\/web\/.content\/_Vida_saludable\/Salut_bucodental\/pdf\/dents_fortes_ra3.pdf\">https:\/\/canalsalut.gencat.cat\/web\/.content\/_Vida_saludable\/Salut_bucodental\/pdf\/dents_fortes_ra3.pdf<\/a><\/p>\n\n\n\n<figure class=\"wp-block-image size-large\"><a href=\"https:\/\/bisbalpenedes.com\/web\/wp-content\/uploads\/2021\/02\/entrega-feliu-fluor.jpeg\"><img loading=\"lazy\" width=\"1024\" height=\"768\" src=\"https:\/\/bisbalpenedes.com\/web\/wp-content\/uploads\/2021\/02\/entrega-feliu-fluor-1024x768.jpeg\" alt=\"\" class=\"wp-image-16334\" srcset=\"https:\/\/bisbalpenedes.com\/web\/wp-content\/uploads\/2021\/02\/entrega-feliu-fluor-1024x768.jpeg 1024w, https:\/\/bisbalpenedes.com\/web\/wp-content\/uploads\/2021\/02\/entrega-feliu-fluor-600x450.jpeg 600w, https:\/\/bisbalpenedes.com\/web\/wp-content\/uploads\/2021\/02\/entrega-feliu-fluor-300x225.jpeg 300w, https:\/\/bisbalpenedes.com\/web\/wp-content\/uploads\/2021\/02\/entrega-feliu-fluor-768x576.jpeg 768w, https:\/\/bisbalpenedes.com\/web\/wp-content\/uploads\/2021\/02\/entrega-feliu-fluor-1536x1152.jpeg 1536w, https:\/\/bisbalpenedes.com\/web\/wp-content\/uploads\/2021\/02\/entrega-feliu-fluor.jpeg 2048w\" sizes=\"(max-width: 1024px) 100vw, 1024px\" \/><\/a><\/figure>\n","protected":false},"excerpt":{"rendered":"<p>L\u2019Ag\u00e8ncia de Salut P\u00fablica de Catalunya ha repr\u00e8s el programa Dents Fortes i Sanes, una iniciativa per a la prevenci\u00f3 de la c\u00e0ries i altres malalties bucodentals. El programa s\u2019adre\u00e7a &hellip; <a href=\"https:\/\/bisbalpenedes.com\/web\/2021\/02\/04\/els-nens-de-1r-de-lescola-ull-de-vent-participen-en-el-programa-dents-fortes-i-sanes\/\" class=\"more-link\">Read More<\/a><\/p>\n","protected":false},"author":4,"featured_media":16334,"comment_status":"closed","ping_status":"closed","sticky":false,"template":"","format":"standard","meta":[],"categories":[3456,8,14],"tags":[4327,337,4325],"_links":{"self":[{"href":"https:\/\/bisbalpenedes.com\/web\/wp-json\/wp\/v2\/posts\/16325"}],"collection":[{"href":"https:\/\/bisbalpenedes.com\/web\/wp-json\/wp\/v2\/posts"}],"about":[{"href":"https:\/\/bisbalpenedes.com\/web\/wp-json\/wp\/v2\/types\/post"}],"author":[{"embeddable":true,"href":"https:\/\/bisbalpenedes.com\/web\/wp-json\/wp\/v2\/users\/4"}],"replies":[{"embeddable":true,"href":"https:\/\/bisbalpenedes.com\/web\/wp-json\/wp\/v2\/comments?post=16325"}],"version-history":[{"count":2,"href":"https:\/\/bisbalpenedes.com\/web\/wp-json\/wp\/v2\/posts\/16325\/revisions"}],"predecessor-version":[{"id":16335,"href":"https:\/\/bisbalpenedes.com\/web\/wp-json\/wp\/v2\/posts\/16325\/revisions\/16335"}],"wp:featuredmedia":[{"embeddable":true,"href":"https:\/\/bisbalpenedes.com\/web\/wp-json\/wp\/v2\/media\/16334"}],"wp:attachment":[{"href":"https:\/\/bisbalpenedes.com\/web\/wp-json\/wp\/v2\/media?parent=16325"}],"wp:term":[{"taxonomy":"category","embeddable":true,"href":"https:\/\/bisbalpenedes.com\/web\/wp-json\/wp\/v2\/categories?post=16325"},{"taxonomy":"post_tag","embeddable":true,"href":"https:\/\/bisbalpenedes.com\/web\/wp-json\/wp\/v2\/tags?post=16325"}],"curies":[{"name":"wp","href":"https:\/\/api.w.org\/{rel}","templated":true}]}}