{"id":16320,"date":"2021-02-03T11:21:26","date_gmt":"2021-02-03T09:21:26","guid":{"rendered":"https:\/\/bisbalpenedes.com\/web\/?p=16320"},"modified":"2021-02-09T11:40:57","modified_gmt":"2021-02-09T09:40:57","slug":"el-21-de-febrer-tindra-lloc-el-primer-ebike-tour","status":"publish","type":"post","link":"https:\/\/bisbalpenedes.com\/web\/2021\/02\/03\/el-21-de-febrer-tindra-lloc-el-primer-ebike-tour\/","title":{"rendered":"AJORNAT-El 21 de febrer tindr\u00e0 lloc el primer EBIKE TOUR"},"content":{"rendered":"\n<p><strong><span class=\"has-inline-color has-vivid-cyan-blue-color\">AQUEST ACTE HA QUEDAT AJORNAT. US FACILITAREM M\u00c9S INFORMACI\u00d3 PR\u00d2XIMAMENT.<br><br>ESTE ACTO HA QUEDADO APLAZADO. OS FACILITAREMOS M\u00c1S INFORMACI\u00d3N PR\u00d3XIMAMENTE.<\/span><\/strong><\/p>\n\n\n\n<p>El Consell Comarcal del Baix Pened\u00e8s, l\u2019Ajuntament de Cunit, l\u2019Ajuntament de Sant Jaume dels Domenys i l\u2019Ajuntament de la Bisbal del Pened\u00e8s impulsen el primer EBike Day Pened\u00e8s, una iniciativa que sorgeix amb l\u2019objectiu de promocionar els productes gastron\u00f2mics del territori com s\u00f3n el vi, l\u2019oli i el cava en dues rutes en bicicleta el\u00e8ctrica. Aquesta activitat es dur\u00e0 a terme el 21 de febrer, sempre que les mesures per la Covid-19 que estiguin vigents ho permetin.<\/p>\n\n\n\n<p>La iniciativa consistir\u00e0 a fer una ruta pel territori amb diverses parades per a fer degustacions i tastets de productes de proximitat i ecol\u00f2gics. Les persones que hi vulguin participar hauran de triar entre la ruta b\u00e0sica de 55km o b\u00e9 la ruta t\u00e8cnica de 66km amb m\u00e9s desnivells.&nbsp;<\/p>\n\n\n\n<p>Els horaris seran:<\/p>\n\n\n\n<ul><li>De 08:0hh a 09:00h recollida de dorsals<\/li><li>De 08:30h a 09:15h sortida lliure de participants des de Cunit<\/li><li>De 10:00h a 12:00h esmorzar a la Bisbal del Pened\u00e8s<\/li><li>De 12:30h a 16:30h dinar en arribar a Cunit<\/li><\/ul>\n\n\n\n<p>L\u2019Ebike Day Pened\u00e8s forma part de l\u2019Ebike Tour 2021, que proposa descobrir territoris molt diversos, d\u2019identitat molt marcada i paisatges inoblidables, productes i gastronomia singulars, amb pobles pintorescos i gent sempre acollidora. Pedalant sempre al ritme personal i formant part d\u2019un ambient pr\u00f2xim i dist\u00e8s, amb totes les mesures de seguretat i complint sempre amb la normativa Covid-19 en el moment en qu\u00e8 l\u2019activitat es pugui dur a terme.<\/p>\n\n\n\n<p>M\u00e9s informaci\u00f3 i inscripcions:&nbsp;<a href=\"http:\/\/www.ebiketour.es\/ca\/proxima-trobada-160\/e-bike-day-penedes\">http:\/\/www.ebiketour.es\/ca\/proxima-trobada-160\/e-bike-day-penedes<\/a><\/p>\n\n\n\n<hr class=\"wp-block-separator\"\/>\n\n\n\n<p><strong>CASTELLANO | <\/strong>El Consell Comarcal del Baix Pened\u00e8s, el Ayuntamiento de Cunit, el Ayuntamiento de Sant Jaume dels Domenys y el Ayuntamiento de la Bisbal del Pened\u00e8s impulsan el primer EBike Day Pened\u00e8s, una iniciativa que surge con el objetivo de promocionar los productos gastron\u00f3micos del territorio como son el vino, el aceite y el cava en dos rutas en bicicleta el\u00e9ctrica. Esta actividad se llevar\u00e1 a cabo el 21 de febrero, siempre que las medidas por la Covid-19 que est\u00e9n vigentes lo permitan.<\/p>\n\n\n\n<p>La iniciativa consistir\u00e1 en hacer una ruta por el territorio con varias paradas para hacer degustaciones y catas de productos de proximidad y ecol\u00f3gicos. Las personas que quieran participar tendr\u00e1n que escoger entre la ruta b\u00e1sica de 55km o bien la ruta t\u00e9cnica de 66km con m\u00e1s desniveles.<\/p>\n\n\n\n<p>Los horarios ser\u00e1n:<\/p>\n\n\n\n<ul><li>De 08:00h a 09:00h recogida de dorsales<\/li><li>De 08:30h a 09:15h salida libre de participantes desde Cunit<\/li><li>De 10:00h a 12:00h almuerzo en la Bisbal del Pened\u00e8s<\/li><li>De 12:30h a 16:30h comida al llegar a Cunit<\/li><\/ul>\n\n\n\n<p>El Ebike Day Pened\u00e8s forma parte del Ebike Tour 2021, que propone descubrir territorios muy diversos, de identidad muy marcada y paisajes inolvidables, productos y gastronom\u00eda singulares, con pueblos pintorescos y gente siempre acogedora. Pedaleando siempre al ritmo personal y formando parte de un ambiente pr\u00f3ximo y distendido, con todas las medidas de seguridad y cumpliendo siempre con la normativa Covid-19 en el momento en el que la actividad se pueda llevar a cabo.<\/p>\n\n\n\n<p>M\u00e1s informaci\u00f3n e inscripciones:&nbsp;<a href=\"http:\/\/www.ebiketour.es\/ca\/proxima-trobada-160\/e-bike-day-penedes\">http:\/\/www.ebiketour.es\/ca\/proxima-trobada-160\/e-bike-day-penedes<\/a><\/p>\n","protected":false},"excerpt":{"rendered":"<p>AQUEST ACTE HA QUEDAT AJORNAT. US FACILITAREM M\u00c9S INFORMACI\u00d3 PR\u00d2XIMAMENT. ESTE ACTO HA QUEDADO APLAZADO. OS FACILITAREMOS M\u00c1S INFORMACI\u00d3N PR\u00d3XIMAMENTE. El Consell Comarcal del Baix Pened\u00e8s, l\u2019Ajuntament de Cunit, l\u2019Ajuntament &hellip; <a href=\"https:\/\/bisbalpenedes.com\/web\/2021\/02\/03\/el-21-de-febrer-tindra-lloc-el-primer-ebike-tour\/\" class=\"more-link\">Read More<\/a><\/p>\n","protected":false},"author":4,"featured_media":16323,"comment_status":"closed","ping_status":"closed","sticky":false,"template":"","format":"standard","meta":[],"categories":[2293,2942,4155,3860,19,8],"tags":[2209,641,329,1299],"_links":{"self":[{"href":"https:\/\/bisbalpenedes.com\/web\/wp-json\/wp\/v2\/posts\/16320"}],"collection":[{"href":"https:\/\/bisbalpenedes.com\/web\/wp-json\/wp\/v2\/posts"}],"about":[{"href":"https:\/\/bisbalpenedes.com\/web\/wp-json\/wp\/v2\/types\/post"}],"author":[{"embeddable":true,"href":"https:\/\/bisbalpenedes.com\/web\/wp-json\/wp\/v2\/users\/4"}],"replies":[{"embeddable":true,"href":"https:\/\/bisbalpenedes.com\/web\/wp-json\/wp\/v2\/comments?post=16320"}],"version-history":[{"count":3,"href":"https:\/\/bisbalpenedes.com\/web\/wp-json\/wp\/v2\/posts\/16320\/revisions"}],"predecessor-version":[{"id":16412,"href":"https:\/\/bisbalpenedes.com\/web\/wp-json\/wp\/v2\/posts\/16320\/revisions\/16412"}],"wp:featuredmedia":[{"embeddable":true,"href":"https:\/\/bisbalpenedes.com\/web\/wp-json\/wp\/v2\/media\/16323"}],"wp:attachment":[{"href":"https:\/\/bisbalpenedes.com\/web\/wp-json\/wp\/v2\/media?parent=16320"}],"wp:term":[{"taxonomy":"category","embeddable":true,"href":"https:\/\/bisbalpenedes.com\/web\/wp-json\/wp\/v2\/categories?post=16320"},{"taxonomy":"post_tag","embeddable":true,"href":"https:\/\/bisbalpenedes.com\/web\/wp-json\/wp\/v2\/tags?post=16320"}],"curies":[{"name":"wp","href":"https:\/\/api.w.org\/{rel}","templated":true}]}}