{"id":16281,"date":"2021-01-31T16:42:48","date_gmt":"2021-01-31T14:42:48","guid":{"rendered":"http:\/\/bisbalpenedes.com\/web\/?p=16281"},"modified":"2021-02-04T17:35:31","modified_gmt":"2021-02-04T15:35:31","slug":"il-luminacions-commemoratives","status":"publish","type":"post","link":"https:\/\/bisbalpenedes.com\/web\/2021\/01\/31\/il-luminacions-commemoratives\/","title":{"rendered":"Calendari d&#8217;il.luminacions commemoratives"},"content":{"rendered":"\n<p class=\"has-black-color has-text-color\"><strong>Calendari il\u00b7luminacions commemoratives i reivindicatives de la fa\u00e7ana de l\u2019Ajuntament<\/strong><\/p>\n\n\n\n<p class=\"has-black-color has-text-color\">Aquest \u00e9s el calendari de dades assenyalades en qu\u00e8 s\u2019il\u00b7luminar\u00e0 la fa\u00e7ana de l\u2019Ajuntament de La Bisbal del Pened\u00e8s, amb el color identificatiu per diversos motius i causes importants:<\/p>\n\n\n\n<p><strong>4 de febrer: Dia Mundial contra el C\u00e0ncer, color rosa<\/strong><\/p>\n\n\n\n<p>Es commemora per augmentar la conscienciaci\u00f3 i per mobilitar la societat per avan\u00e7ar en la prevenci\u00f3 i control de la malaltia.&nbsp;<\/p>\n\n\n\n<p><strong>8 de mar\u00e7: Dia internacional de la Dona, color lila<\/strong><\/p>\n\n\n\n<p>Es commemora la lluita de les dones per la seva participaci\u00f3, juntament amb els homes, en l&#8217;\u00e0mbit laboral, aix\u00ed com la independ\u00e8ncia econ\u00f2mica de la dona.<\/p>\n\n\n\n<p>El 1972 l\u2019Assemblea General de les Nacions Unides va declarar el 1975 Any Internacional de la Dona, i el 1977 va convidar tots els estats a declarar, conforme a les seves tradicions hist\u00f2riques i costums nacionals, un dia com a Dia Internacional pels Drets de la dona i la Pau internacional.<\/p>\n\n\n\n<p><strong>22 de mar\u00e7: Dia Mundial de l\u2019aigua, color blau<\/strong><\/p>\n\n\n\n<p>Va ser declarat per resoluci\u00f3 de l\u2019Assemblea General de les Nacions Unides el 22 de mar\u00e7 de l&#8217;any 1993, a proposta de l\u2019Agenda 21 de la Confer\u00e8ncia de les Nacions Unides pel medi ambient i el desenvolupament de Rio de Janeiro.<\/p>\n\n\n\n<p>T\u00e9 per objecte conscienciar sobre la crisi mundial de l\u2019aigua i la necessitat de buscar mesures per preservar aquest recurs natural i fer-lo arribar a tota la poblaci\u00f3 mundial.<\/p>\n\n\n\n<p><strong>2 d\u2019abril: Dia mundial de conscienciaci\u00f3 de l\u2019autisme, color blau<\/strong><\/p>\n\n\n\n<p>Va ser declarat per resoluci\u00f3 de l\u2019Assemblea General de les Nacions Unides el 2007 per la conscienciaci\u00f3 social cap a les persones autistes.<\/p>\n\n\n\n<p><strong>12 de maig: Dia mundial de la fibromi\u00e0lgia i la s\u00edndrome de fatiga cr\u00f2nica, color blau fosc<\/strong><\/p>\n\n\n\n<p>Declarat el 1992 per l&#8217;Organitzaci\u00f3 Mundial de la Salut, coincidint amb el dia del naixement de la infermera Florence Nightingale, que es va passar 50 anys al llit per aquesta malaltia.<\/p>\n\n\n\n<p><strong>5 de juny: Dia Mundial del Medi ambient, color verd<\/strong><\/p>\n\n\n\n<p>Establert per l\u2019Assemblea General de les Nacions Unides el desembre de 1972, t\u00e9 per objecte estimular la sensibilitzaci\u00f3 mundial sobre el medi ambient.<\/p>\n\n\n\n<p><strong>14 de juny: Dia Mundial del donant de sang, color vermell<\/strong><\/p>\n\n\n\n<p>Declarat per l\u2019Organitzaci\u00f3 Mundial de la Salut , per sensibilitzar sobre la necessitat de donar de forma regular i d\u2019aconseguir l\u2019autosufici\u00e8ncia de cada pa\u00eds per atendre els malalts que requereixen ter\u00e0pies que nom\u00e9s poden aconseguir-se amb les donacions de sang.<\/p>\n\n\n\n<p><strong>28 de juny: Dia internacional de l\u2019Orgull LGTBI+, color groc<\/strong><\/p>\n\n\n\n<p>Per la toler\u00e0ncia i la igualtat de les persones lesbianes, gais, bisexuals, transsexuals, intersexuals, queer i altres orientacions sexuals o identitats de g\u00e8nere socialment marginades i oprimides.<\/p>\n\n\n\n<p>Es commemoren els aldarulls d\u2019Stonewall que van tenir lloc el 1969 a Nova York. Es considera que marquen l&#8217;inici de l&#8217;alliberament homosexual.<\/p>\n\n\n\n<p><strong>21 de setembre: Dia internacional de la Pau, color blanc<\/strong><\/p>\n\n\n\n<p>Declarat per l\u2019Assemblea General de les Nacions Unides el 1981. Es dedica a la pau mundial, i espec\u00edficament a l&#8217;abs\u00e8ncia de guerra i viol\u00e8ncia.<\/p>\n\n\n\n<p><strong>19 d\u2019octubre: Dia internacional del C\u00e0ncer de mama, color rosa<\/strong><\/p>\n\n\n\n<p>Per conscienciar a la societat de la import\u00e0ncia de la investigaci\u00f3 i el diagn\u00f2stic preco\u00e7, perqu\u00e8 \u00e9s el tipus de tumor m\u00e9s freq\u00fcent entre les dones.<\/p>\n\n\n\n<p><strong>20 d\u2019octubre: Dia internacional de la s\u00edndrome de Phelan-McDermid, color verd<\/strong><\/p>\n\n\n\n<p>Per donar visibilitat a aquesta malaltia minorit\u00e0ria, amb m\u00e9s de 200 casos detectats a tota Espanya.<\/p>\n\n\n\n<p>Aquesta S\u00edndrome la causa, en la majoria dels casos, la p\u00e8rdua de material gen\u00e8tic de l\u2019extrem terminal del cromosoma 22. La caracter\u00edstica comuna entre els afectats \u00e9s l\u2019abs\u00e8ncia o mutaci\u00f3 del gen SHANK3 i, l\u2019abs\u00e8ncia d\u2019aquest gen, suposa que els afectats pateixen un retard en el desenvolupament de nombroses \u00e0rees, especialment en la capacitat de la parla. Aquesta mutaci\u00f3, generalment, \u00e9s espont\u00e0nia, \u00e9s a dir, no \u00e9s heretada.<\/p>\n\n\n\n<p><strong>20 de novembre: Dia mundial de la inf\u00e0ncia, color blau<\/strong><\/p>\n\n\n\n<p class=\"has-black-color has-text-color\">Dia dedicat a tots els nens i nenes del m\u00f3n.<\/p>\n\n\n\n<p>Dia de celebraci\u00f3 per a tots els aven\u00e7os aconseguits i tamb\u00e9 un dia de reivindicaci\u00f3 sobre la situaci\u00f3 dels infants m\u00e9s desfavorits.<\/p>\n\n\n\n<p><strong>25 de novembre: Dia internacional per a l\u2019eliminaci\u00f3 de la viol\u00e8ncia contra la dona, color lila<\/strong><\/p>\n\n\n\n<p>Declarat el 1999 per l\u2019Assemblea General de les Nacions Unides.<\/p>\n\n\n\n<p>Es commemora per denunciar la viol\u00e8ncia contra les dones a tot el m\u00f3n i reclamar pol\u00edtiques a tots els pa\u00efsos per la seva erradicaci\u00f3. S\u2019inici\u00e0 el 1981 pel moviment feminista llatinoameric\u00e0, per commemorar la data en qu\u00e8 foren assassinades tres germanes a la Rep\u00fablica Dominicana.<\/p>\n\n\n\n<hr class=\"wp-block-separator\"\/>\n\n\n\n<p><strong>Calendario de iluminaciones conmemorativas y reivindicativas de la fachada del Ayuntamiento<\/strong><\/p>\n\n\n\n<p>Este es el calendario de datas se\u00f1aladas en las que se iluminar\u00e1 la fachada del Ayuntamiento de la Bisbal del Pened\u00e8s, con el color <strong>identificativo por varios motivos y causas importantes.<\/strong><\/p>\n\n\n\n<p><strong>4 de febrero: D\u00eda mundial contra el C\u00e1ncer, color rosa<\/strong><\/p>\n\n\n\n<p>Se conmemora para umentar la concienciaci\u00f3n y movilizar la sociedad para avanzar en la prevenci\u00f3n el control de la enfermedad.<\/p>\n\n\n\n<p><strong>8 de marzo: D\u00eda internacional de la Mujer, color lila<\/strong><\/p>\n\n\n\n<p>Se conmemora la lucha de las mujeres por su participaci\u00f3n, junto con los hombres, en el \u00e1mbito laboral as\u00ed como la independencia econ\u00f3mica de la mujer.<\/p>\n\n\n\n<p>En 1972 la Asamblea General de las Naciones Unidas declar\u00f3 el 1975 A\u00f1o Internacional de la Mujer, y el 1977 invit\u00f3 a todos los estados a declarar, conforme a sus tradiciones hist\u00f3ricas y costumbres nacionales, un d\u00eda como el D\u00eda Internacional por los Derechos de la mujer y la Paz internacional.<\/p>\n\n\n\n<p><strong>22 de marzo: D\u00eda Mundial del Agua, color azul<\/strong><\/p>\n\n\n\n<p>Fue declarado por resoluci\u00f3n de la Asamblea General de las Naciones Unidas el 22 de marzo del a\u00f1o 1993, a propuesta de la Agenda 21 de la Conferencia de las Naciones Unidas por el medio ambiente y el desarrollo de R\u00edo de Janeiro.<\/p>\n\n\n\n<p>Tiene por objeto concienciar sobre la crisis mundial del agua y la necesidad de buscar medidas para preservar este recurso natural y hac\u00e9rselo llegar a toda la poblaci\u00f3n mundial.<\/p>\n\n\n\n<p><strong>2 de abril: D\u00eda mundial de concienciaci\u00f3n del autismo, color azul<\/strong><\/p>\n\n\n\n<p>Fue declarado por resoluci\u00f3n de la Asamblea General de las Naciones Unidas en 2007 para la concienciaci\u00f3n social hacia las personas autistas.<\/p>\n\n\n\n<p><strong>12 de mayo: D\u00eda mundial de la Fibromialgia y el s\u00edndrome de fatiga cr\u00f3nica, color azul oscuro<\/strong><\/p>\n\n\n\n<p>Declarado en 1992 por la Organizaci\u00f3n Mundial de la Salud, coincidiendo con el d\u00eda del nacimiento de la enfermera Florence Nightingale, que se pas\u00f3 50 a\u00f1os en la cama por esta enfermedad.<\/p>\n\n\n\n<p><strong>5 de junio: D\u00eda Mundial del Medio ambiente, color verde<\/strong><\/p>\n\n\n\n<p>Establecido por la Asamblea General de las Naciones Unidas en diciembre de 1972, tiene por objeto estimular la sensibilizaci\u00f3n mundial sobre el medio ambiente.<\/p>\n\n\n\n<p><strong>14 de junio: D\u00eda mundial del donante de sangre, color rojo<\/strong><\/p>\n\n\n\n<p>Declarado por la Organizaci\u00f3n Mundial de la Salud, para sensibilizar sobre la necesidad de dar forma regular y conseguir la autosuficiencia de cada pa\u00eds para atender a los enfermos que requieran terapias que solamente pueden conseguirse con las donaciones de sangre.<\/p>\n\n\n\n<p><strong>28 de junio: D\u00eda internacional del Orgullo LGTBI+, color amarillo<\/strong><\/p>\n\n\n\n<p>Por la tolerancia y la igualdad de las personas lesbianas, gais, bisexuales, transexuales, intersexuales, queer y otras orientaciones sexuales o identidades de g\u00e9nero socialmente marginadas u oprimidas. Se conmemoran los disturbios de Stonewall, que tuvieron lugar el 1969 en Nueva York. Se considera que marcan el inicio de la liberaci\u00f3n homosexual.<\/p>\n\n\n\n<p><strong>21 de septiembre: D\u00eda internacional de la Pau, color blanco<\/strong><\/p>\n\n\n\n<p>Declarado por la Asamblea General de las Naciones Unidas en 1981. Se dedica a la paz mundial.<\/p>\n\n\n\n<p><strong>19 de octubre: D\u00eda internacional del C\u00e1ncer de mama, color rosa<\/strong><\/p>\n\n\n\n<p>Para concienciar a la sociedad de la importancia de la investigaci\u00f3n y el diagn\u00f3stico precoz, porque es el tipo de tumor m\u00e1s frecuente entre las mujeres.<\/p>\n\n\n\n<p><strong>20 de octubre: D\u00eda internacional del S\u00edndrome de Phelan-McDermid, color verde<\/strong><\/p>\n\n\n\n<p>Para dar visibilidad a esta enfermedad minoritaria, con m\u00e1s de 200 casos detectados en toda Espa\u00f1a.<\/p>\n\n\n\n<p>Este S\u00edndrome causa, en la mayor\u00eda de los casos, la p\u00e9rdida de material gen\u00e9tico del extremo terminal del cromosoma 22. La caracter\u00edstica com\u00fan entre los afectados es la ausencia o mutaci\u00f3n del gen SHANK3 y, la ausencia de este gen, supone que los afectados sufran un retraso en el desarrollo de numerosas \u00e1reas, especialmente en la capacidad del habla. Esta mutaci\u00f3n, generalmente es espont\u00e1nea, es decir, no es heredada.<\/p>\n\n\n\n<p><strong>20 de noviembre: D\u00eda mundial de la infancia, color azul.<\/strong><\/p>\n\n\n\n<p>D\u00eda dedicado a todos los ni\u00f1os y ni\u00f1as del mundo.<\/p>\n\n\n\n<p>D\u00eda de celebraci\u00f3n por todos los adelantos conseguidos y tambi\u00e9n un d\u00eda de reivindicaci\u00f3n sobre la situaci\u00f3n de los ni\u00f1os m\u00e1s desfavorecidos.<\/p>\n\n\n\n<p><strong>25 de noviembre: D\u00eda internacional para la eliminaci\u00f3n de la violencia contra la mujer, color lila<\/strong><\/p>\n\n\n\n<p>Declarado en 1999 por la Asamblea General de las Naciones Unidas. Se conmemora para denunciar la violencia contra las mujeres en todo el mundo y reclamar pol\u00edticas en todos los pa\u00edses para su erradicaci\u00f3n. Se inici\u00f3 en 1981 por el movimiento feminista latinoamericano, para conmemorar la fecha en la que fueron asesinadas tres hermanas en la Rep\u00fablica Dominicana.<\/p>\n","protected":false},"excerpt":{"rendered":"<p>Calendari il\u00b7luminacions commemoratives i reivindicatives de la fa\u00e7ana de l\u2019Ajuntament Aquest \u00e9s el calendari de dades assenyalades en qu\u00e8 s\u2019il\u00b7luminar\u00e0 la fa\u00e7ana de l\u2019Ajuntament de La Bisbal del Pened\u00e8s, amb &hellip; <a href=\"https:\/\/bisbalpenedes.com\/web\/2021\/01\/31\/il-luminacions-commemoratives\/\" class=\"more-link\">Read More<\/a><\/p>\n","protected":false},"author":1,"featured_media":16282,"comment_status":"closed","ping_status":"closed","sticky":false,"template":"","format":"standard","meta":[],"categories":[8],"tags":[],"_links":{"self":[{"href":"https:\/\/bisbalpenedes.com\/web\/wp-json\/wp\/v2\/posts\/16281"}],"collection":[{"href":"https:\/\/bisbalpenedes.com\/web\/wp-json\/wp\/v2\/posts"}],"about":[{"href":"https:\/\/bisbalpenedes.com\/web\/wp-json\/wp\/v2\/types\/post"}],"author":[{"embeddable":true,"href":"https:\/\/bisbalpenedes.com\/web\/wp-json\/wp\/v2\/users\/1"}],"replies":[{"embeddable":true,"href":"https:\/\/bisbalpenedes.com\/web\/wp-json\/wp\/v2\/comments?post=16281"}],"version-history":[{"count":7,"href":"https:\/\/bisbalpenedes.com\/web\/wp-json\/wp\/v2\/posts\/16281\/revisions"}],"predecessor-version":[{"id":16336,"href":"https:\/\/bisbalpenedes.com\/web\/wp-json\/wp\/v2\/posts\/16281\/revisions\/16336"}],"wp:featuredmedia":[{"embeddable":true,"href":"https:\/\/bisbalpenedes.com\/web\/wp-json\/wp\/v2\/media\/16282"}],"wp:attachment":[{"href":"https:\/\/bisbalpenedes.com\/web\/wp-json\/wp\/v2\/media?parent=16281"}],"wp:term":[{"taxonomy":"category","embeddable":true,"href":"https:\/\/bisbalpenedes.com\/web\/wp-json\/wp\/v2\/categories?post=16281"},{"taxonomy":"post_tag","embeddable":true,"href":"https:\/\/bisbalpenedes.com\/web\/wp-json\/wp\/v2\/tags?post=16281"}],"curies":[{"name":"wp","href":"https:\/\/api.w.org\/{rel}","templated":true}]}}