{"id":16261,"date":"2021-01-29T12:45:37","date_gmt":"2021-01-29T10:45:37","guid":{"rendered":"http:\/\/bisbalpenedes.com\/web\/?p=16261"},"modified":"2021-01-29T12:45:37","modified_gmt":"2021-01-29T10:45:37","slug":"ha-comencat-lenderroc-de-la-masia-de-la-miralba","status":"publish","type":"post","link":"https:\/\/bisbalpenedes.com\/web\/2021\/01\/29\/ha-comencat-lenderroc-de-la-masia-de-la-miralba\/","title":{"rendered":"Ha comen\u00e7at l&#8217;enderroc de la masia de La Miralba"},"content":{"rendered":"\n<figure class=\"wp-block-image size-large\"><a href=\"blob:http:\/\/bisbalpenedes.com\/3c2becca-56a7-4745-b432-279fbc32450c\"><img\/><\/a><\/figure>\n\n\n\n<p>Ahir dijous van comen\u00e7ar els treballs per enderrocar la masia de La <span class=\"has-inline-color has-black-color\">Miralba, ubicada al carrer Gladiol, que estava en mal estat de conservaci\u00f3. Les obres inclouen l\u2019enderroc, la retirada de residus i la seva eliminaci\u00f3 (portant-los a un gestor autoritzat), deixar el terreny net i pla, amb una lleugera inclinaci\u00f3 cap al carrer perqu\u00e8 no quedi aigua retinguda a l\u2019interior; i el tancament del solar amb una paret amb porta d\u2019acc\u00e9s.<\/span><\/p>\n\n\n\n<hr class=\"wp-block-separator has-text-color has-background has-black-background-color has-black-color\"\/>\n\n\n\n<p><span class=\"has-inline-color has-black-color\">Ayer jueves empezaron los trabajos para derribar la mas\u00eda de La Miralba, ubicada en la calle Gladiol, que estaba en mal estado de conservaci\u00f3n. Las obras incluyen el derribo, la retirada de residuos y su eliminaci\u00f3n (llev\u00e1ndolos a un gestor autorizado), dejar el terreno limpio y plano, con una ligera inclinaci\u00f3n hacia la calle para que no quede agua retenida en el interior; y el cierre del solar con una pared con puerta de acceso.<\/span><\/p>\n","protected":false},"excerpt":{"rendered":"<p>Ahir dijous van comen\u00e7ar els treballs per enderrocar la masia de La Miralba, ubicada al carrer Gladiol, que estava en mal estat de conservaci\u00f3. Les obres inclouen l\u2019enderroc, la retirada &hellip; <a href=\"https:\/\/bisbalpenedes.com\/web\/2021\/01\/29\/ha-comencat-lenderroc-de-la-masia-de-la-miralba\/\" class=\"more-link\">Read More<\/a><\/p>\n","protected":false},"author":4,"featured_media":16263,"comment_status":"closed","ping_status":"closed","sticky":false,"template":"","format":"standard","meta":[],"categories":[8,15],"tags":[3318,246,3882],"_links":{"self":[{"href":"https:\/\/bisbalpenedes.com\/web\/wp-json\/wp\/v2\/posts\/16261"}],"collection":[{"href":"https:\/\/bisbalpenedes.com\/web\/wp-json\/wp\/v2\/posts"}],"about":[{"href":"https:\/\/bisbalpenedes.com\/web\/wp-json\/wp\/v2\/types\/post"}],"author":[{"embeddable":true,"href":"https:\/\/bisbalpenedes.com\/web\/wp-json\/wp\/v2\/users\/4"}],"replies":[{"embeddable":true,"href":"https:\/\/bisbalpenedes.com\/web\/wp-json\/wp\/v2\/comments?post=16261"}],"version-history":[{"count":2,"href":"https:\/\/bisbalpenedes.com\/web\/wp-json\/wp\/v2\/posts\/16261\/revisions"}],"predecessor-version":[{"id":16265,"href":"https:\/\/bisbalpenedes.com\/web\/wp-json\/wp\/v2\/posts\/16261\/revisions\/16265"}],"wp:featuredmedia":[{"embeddable":true,"href":"https:\/\/bisbalpenedes.com\/web\/wp-json\/wp\/v2\/media\/16263"}],"wp:attachment":[{"href":"https:\/\/bisbalpenedes.com\/web\/wp-json\/wp\/v2\/media?parent=16261"}],"wp:term":[{"taxonomy":"category","embeddable":true,"href":"https:\/\/bisbalpenedes.com\/web\/wp-json\/wp\/v2\/categories?post=16261"},{"taxonomy":"post_tag","embeddable":true,"href":"https:\/\/bisbalpenedes.com\/web\/wp-json\/wp\/v2\/tags?post=16261"}],"curies":[{"name":"wp","href":"https:\/\/api.w.org\/{rel}","templated":true}]}}