{"id":16255,"date":"2021-01-28T14:56:51","date_gmt":"2021-01-28T12:56:51","guid":{"rendered":"http:\/\/bisbalpenedes.com\/web\/?p=16255"},"modified":"2021-01-28T14:57:26","modified_gmt":"2021-01-28T12:57:26","slug":"feu-les-vostres-consultes-i-sollicitus-de-reserva-de-documents-a-la-biblioteca-per-whatsapp-o-correu-electronic","status":"publish","type":"post","link":"https:\/\/bisbalpenedes.com\/web\/2021\/01\/28\/feu-les-vostres-consultes-i-sollicitus-de-reserva-de-documents-a-la-biblioteca-per-whatsapp-o-correu-electronic\/","title":{"rendered":"Feu les vostres consultes i sol\u00b7licitus de reserva de documents a la Biblioteca per Whatsapp o correu electr\u00f2nic"},"content":{"rendered":"\n<p><span class=\"has-inline-color has-black-color\">Amb la pand\u00e8mia, ens sentim m\u00e9s segurs als nostres espais de protecci\u00f3. Per aix\u00f2, us fem saber que, si voleu, podeu fer arribar les vostres consultes i sol\u00b7licituds de reserva de documents a la Biblioteca. El personal us informar\u00e0 de la seva disponibilitat i, quan hi aneu, ja tindreu la vostra reserva a punt, per recollir-la.<\/span><\/p>\n\n\n\n<hr class=\"wp-block-separator\"\/>\n\n\n\n<p><span class=\"has-inline-color has-black-color\">Con la pandemia, nos sentimos m\u00e1s seguros en nuestros espacios de protecci\u00f3n. Por eso, os hacemos saber que, si quer\u00e9is, pod\u00e9is hacer llegar vuestras consultas y solicitudes de reserva de documentos a la Biblioteca. El personal os informar\u00e1 de su disponibilidad y, cuando vay\u00e1is, ya tendr\u00e9is vuestra reserva a punto, para recogerla.<\/span><\/p>\n\n\n\n<figure class=\"wp-block-image size-large\"><a href=\"blob:http:\/\/bisbalpenedes.com\/93537bf9-da89-4d6b-8bcf-74fef58482cd\"><img\/><\/a><\/figure>\n","protected":false},"excerpt":{"rendered":"<p>Amb la pand\u00e8mia, ens sentim m\u00e9s segurs als nostres espais de protecci\u00f3. Per aix\u00f2, us fem saber que, si voleu, podeu fer arribar les vostres consultes i sol\u00b7licituds de reserva &hellip; <a href=\"https:\/\/bisbalpenedes.com\/web\/2021\/01\/28\/feu-les-vostres-consultes-i-sollicitus-de-reserva-de-documents-a-la-biblioteca-per-whatsapp-o-correu-electronic\/\" class=\"more-link\">Read More<\/a><\/p>\n","protected":false},"author":4,"featured_media":16256,"comment_status":"closed","ping_status":"closed","sticky":false,"template":"","format":"standard","meta":[],"categories":[13,8],"tags":[3001],"_links":{"self":[{"href":"https:\/\/bisbalpenedes.com\/web\/wp-json\/wp\/v2\/posts\/16255"}],"collection":[{"href":"https:\/\/bisbalpenedes.com\/web\/wp-json\/wp\/v2\/posts"}],"about":[{"href":"https:\/\/bisbalpenedes.com\/web\/wp-json\/wp\/v2\/types\/post"}],"author":[{"embeddable":true,"href":"https:\/\/bisbalpenedes.com\/web\/wp-json\/wp\/v2\/users\/4"}],"replies":[{"embeddable":true,"href":"https:\/\/bisbalpenedes.com\/web\/wp-json\/wp\/v2\/comments?post=16255"}],"version-history":[{"count":3,"href":"https:\/\/bisbalpenedes.com\/web\/wp-json\/wp\/v2\/posts\/16255\/revisions"}],"predecessor-version":[{"id":16259,"href":"https:\/\/bisbalpenedes.com\/web\/wp-json\/wp\/v2\/posts\/16255\/revisions\/16259"}],"wp:featuredmedia":[{"embeddable":true,"href":"https:\/\/bisbalpenedes.com\/web\/wp-json\/wp\/v2\/media\/16256"}],"wp:attachment":[{"href":"https:\/\/bisbalpenedes.com\/web\/wp-json\/wp\/v2\/media?parent=16255"}],"wp:term":[{"taxonomy":"category","embeddable":true,"href":"https:\/\/bisbalpenedes.com\/web\/wp-json\/wp\/v2\/categories?post=16255"},{"taxonomy":"post_tag","embeddable":true,"href":"https:\/\/bisbalpenedes.com\/web\/wp-json\/wp\/v2\/tags?post=16255"}],"curies":[{"name":"wp","href":"https:\/\/api.w.org\/{rel}","templated":true}]}}