{"id":16251,"date":"2021-01-27T16:44:45","date_gmt":"2021-01-27T14:44:45","guid":{"rendered":"http:\/\/bisbalpenedes.com\/web\/?p=16251"},"modified":"2021-01-27T16:44:45","modified_gmt":"2021-01-27T14:44:45","slug":"saprova-un-contracte-menor-per-a-la-correccio-de-la-classificacio-i-qualificacio-urbanistiques-dels-terrenys-afectats-per-la-c-51-al-seu-pas-per-la-miralba","status":"publish","type":"post","link":"https:\/\/bisbalpenedes.com\/web\/2021\/01\/27\/saprova-un-contracte-menor-per-a-la-correccio-de-la-classificacio-i-qualificacio-urbanistiques-dels-terrenys-afectats-per-la-c-51-al-seu-pas-per-la-miralba\/","title":{"rendered":"S\u2019aprova un contracte menor per a la correcci\u00f3 de la classificaci\u00f3 i qualificaci\u00f3 urban\u00edstiques dels terrenys afectats per la C-51 al seu pas per La Miralba"},"content":{"rendered":"\n<figure class=\"wp-block-image size-large is-resized\"><a href=\"http:\/\/bisbalpenedes.com\/web\/wp-content\/uploads\/2021\/01\/CRUILLA-LA-MIRALBA-scaled.jpg\"><img loading=\"lazy\" src=\"http:\/\/bisbalpenedes.com\/web\/wp-content\/uploads\/2021\/01\/CRUILLA-LA-MIRALBA-1024x768.jpg\" alt=\"\" class=\"wp-image-16252\" width=\"512\" height=\"384\" srcset=\"https:\/\/bisbalpenedes.com\/web\/wp-content\/uploads\/2021\/01\/CRUILLA-LA-MIRALBA-1024x768.jpg 1024w, https:\/\/bisbalpenedes.com\/web\/wp-content\/uploads\/2021\/01\/CRUILLA-LA-MIRALBA-300x225.jpg 300w, https:\/\/bisbalpenedes.com\/web\/wp-content\/uploads\/2021\/01\/CRUILLA-LA-MIRALBA-768x576.jpg 768w, https:\/\/bisbalpenedes.com\/web\/wp-content\/uploads\/2021\/01\/CRUILLA-LA-MIRALBA-1536x1152.jpg 1536w, https:\/\/bisbalpenedes.com\/web\/wp-content\/uploads\/2021\/01\/CRUILLA-LA-MIRALBA-2048x1536.jpg 2048w\" sizes=\"(max-width: 512px) 100vw, 512px\" \/><\/a><\/figure>\n\n\n\n<p><span class=\"has-inline-color has-black-color\">La Junta de Govern del 25 de gener de 2021 ha aprovat un contracte menor amb l\u2019arquitecte Gerard Miquel Oliv\u00e9, per un import de 16.452,97\u20ac (IVA incl\u00f2s), per a la redacci\u00f3 de la modificaci\u00f3 puntual de normes subsidi\u00e0ries de planejament, per a la correcci\u00f3 de la classificaci\u00f3 i qualificaci\u00f3 urban\u00edstiques dels terrenys afectats per la C-51.<\/span><\/p>\n\n\n\n<p><span class=\"has-inline-color has-black-color\">La modificaci\u00f3 puntual objecte d\u2019aquest contracte \u00e9s per donar compliment a la sent\u00e8ncia del TSJC de juny de 2019 com a resultat del recurs contenci\u00f3s-administratiu de l\u2019any 2012 \u201cper la inactivitat de l\u2019Ajuntament en relaci\u00f3 amb la modificaci\u00f3 del planejament urban\u00edstic municipal i del projecte de reparcel\u00b7laci\u00f3 de la Miralba tal com dictava la Generalitat\u201d, segons ha explicat l\u2019alcaldessa Agn\u00e8s Ferr\u00e9. Per donar compliment a la sent\u00e8ncia cal iniciar i tramitar un procediment de modificaci\u00f3 puntual del plantejament urban\u00edstic per adaptar-lo a l\u2019estudi informatiu i d\u2019impacte ambiental del projecte de la C-51 Vendrell-Valls al seu pas per la Miralba. La C-51 ja est\u00e0 acabada al seu pas per la Miralba i les obres d\u2019urbanitzaci\u00f3 del barri tamb\u00e9 han finalitzat. Per tal de complir la sent\u00e8ncia cal modificar les normes de planejament amb el tra\u00e7at actual de carreteres, acotant b\u00e9 els vials.<\/span><\/p>\n\n\n\n<hr class=\"wp-block-separator\"\/>\n\n\n\n<p><span class=\"has-inline-color has-black-color\"><strong>CASTELLANO |<\/strong> La Junta de Gobierno del 25 de enero de 2021 ha aprobado un contrato menor con el arquitecto Gerard Miquel Oliv\u00e9, por un importe de 16.452,97\u20ac (IVA incluido), para la redacci\u00f3n de la modificaci\u00f3n puntual de normas subsidiarias de planeramiento, para la correcci\u00f3n de la clasificaci\u00f3n y calificaci\u00f3n urban\u00edsticas de los terrenos afectados por la C-51.<\/span><\/p>\n\n\n\n<p><span class=\"has-inline-color has-black-color\">La modificaci\u00f3n puntual objeto de este contrato es para dar cumplimiento a la sentencia del TSJC de junio del 2019 como resultado del recurso contencioso administrativo del a\u00f1o 2012 \u201cpor la inactividad del Ayuntamiento en relaci\u00f3n coa la modificaci\u00f3n del planeamiento urban\u00edstico municipal y del proyecto de reparcelaci\u00f3n de la Miralba tal como dictaba la Generalitat\u201d, seg\u00fan ha explicado la alcaldesa Agn\u00e8s Ferr\u00e9. Para dar cumplimiento a la sentencia hay que iniciar y tramitar un procedimiento de modificaci\u00f3n puntual del planteamiento urban\u00edstico para adaptarlo al estudio informativo y de impacto ambiental del proyecto de la C-51 Vendrell-Valls a su paso por la Miralba. La C-51 ya est\u00e1 terminada a su paso por la Miralba y las obras de urbanizaci\u00f3n del barrio tambi\u00e9n han finalizado. Con tal de cumplir la sentencia hay que modificar las normas de planeamiento con el trazado actual de carreteras, acotando bien los viales.<\/span><\/p>\n","protected":false},"excerpt":{"rendered":"<p>La Junta de Govern del 25 de gener de 2021 ha aprovat un contracte menor amb l\u2019arquitecte Gerard Miquel Oliv\u00e9, per un import de 16.452,97\u20ac (IVA incl\u00f2s), per a la &hellip; <a href=\"https:\/\/bisbalpenedes.com\/web\/2021\/01\/27\/saprova-un-contracte-menor-per-a-la-correccio-de-la-classificacio-i-qualificacio-urbanistiques-dels-terrenys-afectats-per-la-c-51-al-seu-pas-per-la-miralba\/\" class=\"more-link\">Read More<\/a><\/p>\n","protected":false},"author":4,"featured_media":16252,"comment_status":"closed","ping_status":"closed","sticky":false,"template":"","format":"standard","meta":[],"categories":[3085,8],"tags":[299,719,3491],"_links":{"self":[{"href":"https:\/\/bisbalpenedes.com\/web\/wp-json\/wp\/v2\/posts\/16251"}],"collection":[{"href":"https:\/\/bisbalpenedes.com\/web\/wp-json\/wp\/v2\/posts"}],"about":[{"href":"https:\/\/bisbalpenedes.com\/web\/wp-json\/wp\/v2\/types\/post"}],"author":[{"embeddable":true,"href":"https:\/\/bisbalpenedes.com\/web\/wp-json\/wp\/v2\/users\/4"}],"replies":[{"embeddable":true,"href":"https:\/\/bisbalpenedes.com\/web\/wp-json\/wp\/v2\/comments?post=16251"}],"version-history":[{"count":2,"href":"https:\/\/bisbalpenedes.com\/web\/wp-json\/wp\/v2\/posts\/16251\/revisions"}],"predecessor-version":[{"id":16254,"href":"https:\/\/bisbalpenedes.com\/web\/wp-json\/wp\/v2\/posts\/16251\/revisions\/16254"}],"wp:featuredmedia":[{"embeddable":true,"href":"https:\/\/bisbalpenedes.com\/web\/wp-json\/wp\/v2\/media\/16252"}],"wp:attachment":[{"href":"https:\/\/bisbalpenedes.com\/web\/wp-json\/wp\/v2\/media?parent=16251"}],"wp:term":[{"taxonomy":"category","embeddable":true,"href":"https:\/\/bisbalpenedes.com\/web\/wp-json\/wp\/v2\/categories?post=16251"},{"taxonomy":"post_tag","embeddable":true,"href":"https:\/\/bisbalpenedes.com\/web\/wp-json\/wp\/v2\/tags?post=16251"}],"curies":[{"name":"wp","href":"https:\/\/api.w.org\/{rel}","templated":true}]}}