{"id":16230,"date":"2021-01-27T15:59:21","date_gmt":"2021-01-27T13:59:21","guid":{"rendered":"http:\/\/bisbalpenedes.com\/web\/?p=16230"},"modified":"2021-01-27T16:04:54","modified_gmt":"2021-01-27T14:04:54","slug":"prorroga-el-conveni-amb-jove-baix-penedes-per-al-2021","status":"publish","type":"post","link":"https:\/\/bisbalpenedes.com\/web\/2021\/01\/27\/prorroga-el-conveni-amb-jove-baix-penedes-per-al-2021\/","title":{"rendered":"Es prorroga el conveni amb Jove Baix Pened\u00e8s per al 2021"},"content":{"rendered":"\n<p>La Junta de Govern local ha aprovat, a petici\u00f3 de la Regidoria de Joventut, la pr\u00f2rroga del conveni de col\u00b7laboraci\u00f3 amb Jove Baix Pened\u00e8s del Consell Comarcal del Baix Pened\u00e8s per a la dinamitzaci\u00f3 de les pol\u00edtiques de joventut i els programes dels \u00e0mbits de treball, formaci\u00f3, salut, educaci\u00f3, participaci\u00f3 i cultura adre\u00e7ats als joves. El conveni t\u00e9 un cost anual de 3.000\u20ac i ara s\u2019ha aprovat la pr\u00f2rroga per a l\u2019any 2021, ja que el conveni era per als anys 2018 i 2019, podent-se prorrogar per dos anys m\u00e9s, el 2020 i el 2021.<\/p>\n\n\n\n<hr class=\"wp-block-separator\"\/>\n\n\n\n<p><strong>CASTELLANO |<\/strong> La Junta de Gobierno local ha aprobado, a petici\u00f3n de la Concejal\u00eda de Juventud, la pr\u00f3rroga del convenio de colaboraci\u00f3n con Jove Baix Pened\u00e8s del Consell Comarcal del Baix Pened\u00e8s para la dinamizaci\u00f3n de las pol\u00edticas de juventud y los programas de los \u00e1mbitos de trabajo, formaci\u00f3n, salud, educaci\u00f3n, participaci\u00f3n y cultura dirigidos a los j\u00f3venes. El convenio tiene un coste anual de 3.000\u20ac y ahora se ha aprobado la pr\u00f3rroga para el a\u00f1o 2021, ya que el convenio era para los a\u00f1os 2018 y 2019, pudi\u00e9ndose prorrogar dos a\u00f1os m\u00e1s, el 2020 y el 2021.<\/p>\n","protected":false},"excerpt":{"rendered":"<p>La Junta de Govern local ha aprovat, a petici\u00f3 de la Regidoria de Joventut, la pr\u00f2rroga del conveni de col\u00b7laboraci\u00f3 amb Jove Baix Pened\u00e8s del Consell Comarcal del Baix Pened\u00e8s &hellip; <a href=\"https:\/\/bisbalpenedes.com\/web\/2021\/01\/27\/prorroga-el-conveni-amb-jove-baix-penedes-per-al-2021\/\" class=\"more-link\">Read More<\/a><\/p>\n","protected":false},"author":4,"featured_media":12886,"comment_status":"closed","ping_status":"closed","sticky":false,"template":"","format":"standard","meta":[],"categories":[4269,3085,8],"tags":[1056,1057,210],"_links":{"self":[{"href":"https:\/\/bisbalpenedes.com\/web\/wp-json\/wp\/v2\/posts\/16230"}],"collection":[{"href":"https:\/\/bisbalpenedes.com\/web\/wp-json\/wp\/v2\/posts"}],"about":[{"href":"https:\/\/bisbalpenedes.com\/web\/wp-json\/wp\/v2\/types\/post"}],"author":[{"embeddable":true,"href":"https:\/\/bisbalpenedes.com\/web\/wp-json\/wp\/v2\/users\/4"}],"replies":[{"embeddable":true,"href":"https:\/\/bisbalpenedes.com\/web\/wp-json\/wp\/v2\/comments?post=16230"}],"version-history":[{"count":4,"href":"https:\/\/bisbalpenedes.com\/web\/wp-json\/wp\/v2\/posts\/16230\/revisions"}],"predecessor-version":[{"id":16235,"href":"https:\/\/bisbalpenedes.com\/web\/wp-json\/wp\/v2\/posts\/16230\/revisions\/16235"}],"wp:featuredmedia":[{"embeddable":true,"href":"https:\/\/bisbalpenedes.com\/web\/wp-json\/wp\/v2\/media\/12886"}],"wp:attachment":[{"href":"https:\/\/bisbalpenedes.com\/web\/wp-json\/wp\/v2\/media?parent=16230"}],"wp:term":[{"taxonomy":"category","embeddable":true,"href":"https:\/\/bisbalpenedes.com\/web\/wp-json\/wp\/v2\/categories?post=16230"},{"taxonomy":"post_tag","embeddable":true,"href":"https:\/\/bisbalpenedes.com\/web\/wp-json\/wp\/v2\/tags?post=16230"}],"curies":[{"name":"wp","href":"https:\/\/api.w.org\/{rel}","templated":true}]}}