{"id":16207,"date":"2021-01-27T13:07:42","date_gmt":"2021-01-27T11:07:42","guid":{"rendered":"http:\/\/bisbalpenedes.com\/web\/?p=16207"},"modified":"2021-01-27T13:07:42","modified_gmt":"2021-01-27T11:07:42","slug":"el-cicle-gaudi-us-ofereix-diverses-propostes-durant-els-mesos-de-febrer-i-marc","status":"publish","type":"post","link":"https:\/\/bisbalpenedes.com\/web\/2021\/01\/27\/el-cicle-gaudi-us-ofereix-diverses-propostes-durant-els-mesos-de-febrer-i-marc\/","title":{"rendered":"El Cicle Gaud\u00ed us ofereix diverses propostes durant els mesos de febrer i mar\u00e7"},"content":{"rendered":"\n<figure class=\"wp-block-image size-large\"><a href=\"http:\/\/bisbalpenedes.com\/web\/wp-content\/uploads\/2021\/01\/gaudi-febrer.jpg\"><img loading=\"lazy\" width=\"724\" height=\"1024\" src=\"http:\/\/bisbalpenedes.com\/web\/wp-content\/uploads\/2021\/01\/gaudi-febrer-724x1024.jpg\" alt=\"\" class=\"wp-image-16209\" srcset=\"https:\/\/bisbalpenedes.com\/web\/wp-content\/uploads\/2021\/01\/gaudi-febrer-724x1024.jpg 724w, https:\/\/bisbalpenedes.com\/web\/wp-content\/uploads\/2021\/01\/gaudi-febrer-212x300.jpg 212w, https:\/\/bisbalpenedes.com\/web\/wp-content\/uploads\/2021\/01\/gaudi-febrer-768x1086.jpg 768w, https:\/\/bisbalpenedes.com\/web\/wp-content\/uploads\/2021\/01\/gaudi-febrer-1086x1536.jpg 1086w, https:\/\/bisbalpenedes.com\/web\/wp-content\/uploads\/2021\/01\/gaudi-febrer-1448x2048.jpg 1448w, https:\/\/bisbalpenedes.com\/web\/wp-content\/uploads\/2021\/01\/gaudi-febrer.jpg 1587w\" sizes=\"(max-width: 724px) 100vw, 724px\" \/><\/a><\/figure>\n\n\n\n<figure class=\"wp-block-image size-large\"><a href=\"http:\/\/bisbalpenedes.com\/web\/wp-content\/uploads\/2021\/01\/gaudi-marc.jpg\"><img loading=\"lazy\" width=\"724\" height=\"1024\" src=\"http:\/\/bisbalpenedes.com\/web\/wp-content\/uploads\/2021\/01\/gaudi-marc-724x1024.jpg\" alt=\"\" class=\"wp-image-16213\" srcset=\"https:\/\/bisbalpenedes.com\/web\/wp-content\/uploads\/2021\/01\/gaudi-marc-724x1024.jpg 724w, https:\/\/bisbalpenedes.com\/web\/wp-content\/uploads\/2021\/01\/gaudi-marc-212x300.jpg 212w, https:\/\/bisbalpenedes.com\/web\/wp-content\/uploads\/2021\/01\/gaudi-marc-768x1086.jpg 768w, https:\/\/bisbalpenedes.com\/web\/wp-content\/uploads\/2021\/01\/gaudi-marc-1086x1536.jpg 1086w, https:\/\/bisbalpenedes.com\/web\/wp-content\/uploads\/2021\/01\/gaudi-marc-1448x2048.jpg 1448w, https:\/\/bisbalpenedes.com\/web\/wp-content\/uploads\/2021\/01\/gaudi-marc.jpg 1587w\" sizes=\"(max-width: 724px) 100vw, 724px\" \/><\/a><\/figure>\n\n\n\n<p>Durant els mesos de febrer i mar\u00e7 podreu veure diverses pel\u00b7l\u00edcules del Cicle Gaud\u00ed a la Bisbal del Pened\u00e8s.<\/p>\n\n\n\n<p>Aquestes s\u00f3n les properes projeccions previstes:<\/p>\n\n\n\n<ul><li>Dissabte 6 de febrer, a les 18h, <em>El meu germ\u00e0 persegueix dinosaures<\/em>. Gestionar\u00e0 la taquilla: Corals Antistiana i Santa Maria<\/li><li>Dissabte 20 de febrer, a les 18h,<em> La boda de Rosa<\/em>. Gestionar\u00e0 la taquilla: Senderistes Bisbalencs<\/li><li>Dissabte 13 de mar\u00e7, a les 18h, <em>L\u2019ofrena.<\/em> Gestionar\u00e0 la taquilla: Associaci\u00f3 de la Gent Gran<\/li><li>Dissabte 27 de mar\u00e7, a les 18h, <em>Terra de telers.<\/em> Gestionar\u00e0 la taquilla: Geganters i Grallers de la Societat Cultural i Recreativa Bisbalenca<\/li><\/ul>\n\n\n\n<p>Les taquilles s\u2019obriran 30 minuts abans amb l\u2019objectiu de tenir un control dels assistents i poder-los ubicar respectant totes les mesures de seguretat per la Covid-19. L\u2019aforament ser\u00e0 limitat.<\/p>\n\n\n\n<p>El preu general de l\u2019entrada \u00e9s de 4,5\u20ac i s\u2019ofereix un preu redu\u00eft de 3\u20ac presentant el carnet de la Biblioteca Municipal de La Bisbal.<\/p>\n\n\n\n<p>Quant a la recaptaci\u00f3, aquesta es destinar\u00e0 a l\u2019entitat del poble que s\u2019encarregui de gestionar la taquilla.<\/p>\n\n\n\n<hr class=\"wp-block-separator\"\/>\n\n\n\n<p><strong>CASTELLANO<\/strong> | Durante los meses de febrero y marzo podr\u00e9is ver varias pel\u00edculas del Cicle Gaud\u00ed en la Bisbal del Pened\u00e8s.<\/p>\n\n\n\n<p>Estas son las pr\u00f3ximas proyecciones previstas:<\/p>\n\n\n\n<ul><li>S\u00e1bado 6 de febrero, a las 18h, El meu germ\u00e0 persegueix dinosaures. Gestionar\u00e1 la taquilla: Corals Antistiana i Santa Maria<\/li><li>S\u00e1bado 20 de febrero, a las 18h, La boda de Rosa. Gestionar\u00e1 la taquilla: Senderistes Bisbalencs<\/li><li>S\u00e1bado 13 de marzo, a las 18h, L\u2019ofrena. Gestionar\u00e1 la taquilla: Associaci\u00f3 de la Gent Gran<\/li><li>S\u00e1bado 27 de marzo, a las 18h, Terra de telers. Gestionar\u00e1 la taquilla: Geganters i Grallers de la Societat Cultural I Recreativa Bisbalenca.<\/li><\/ul>\n\n\n\n<p>Las taquillas se abrir\u00e1n 30 minutos antes con el objetivo de tener un control de los asistentes y poderlos ubicar respetando todas las medidas de seguridad por la Covid-19. El aforo ser\u00e1 limitado.<\/p>\n\n\n\n<p>El precio general de la entrada es de 4,5\u20ac y se ofrece un precio reducido de 3\u20ac presentando el carn\u00e9 de la Biblioteca Municipal de La Bisbal. En cuanto a la recaudaci\u00f3n, esta se destinar\u00e1 a la entidad del pueblo que se encargue de gestionar la taquilla.<\/p>\n","protected":false},"excerpt":{"rendered":"<p>Durant els mesos de febrer i mar\u00e7 podreu veure diverses pel\u00b7l\u00edcules del Cicle Gaud\u00ed a la Bisbal del Pened\u00e8s. Aquestes s\u00f3n les properes projeccions previstes: Dissabte 6 de febrer, a &hellip; <a href=\"https:\/\/bisbalpenedes.com\/web\/2021\/01\/27\/el-cicle-gaudi-us-ofereix-diverses-propostes-durant-els-mesos-de-febrer-i-marc\/\" class=\"more-link\">Read More<\/a><\/p>\n","protected":false},"author":4,"featured_media":16209,"comment_status":"closed","ping_status":"closed","sticky":false,"template":"","format":"standard","meta":[],"categories":[13,8],"tags":[308,307,225,754,350],"_links":{"self":[{"href":"https:\/\/bisbalpenedes.com\/web\/wp-json\/wp\/v2\/posts\/16207"}],"collection":[{"href":"https:\/\/bisbalpenedes.com\/web\/wp-json\/wp\/v2\/posts"}],"about":[{"href":"https:\/\/bisbalpenedes.com\/web\/wp-json\/wp\/v2\/types\/post"}],"author":[{"embeddable":true,"href":"https:\/\/bisbalpenedes.com\/web\/wp-json\/wp\/v2\/users\/4"}],"replies":[{"embeddable":true,"href":"https:\/\/bisbalpenedes.com\/web\/wp-json\/wp\/v2\/comments?post=16207"}],"version-history":[{"count":2,"href":"https:\/\/bisbalpenedes.com\/web\/wp-json\/wp\/v2\/posts\/16207\/revisions"}],"predecessor-version":[{"id":16215,"href":"https:\/\/bisbalpenedes.com\/web\/wp-json\/wp\/v2\/posts\/16207\/revisions\/16215"}],"wp:featuredmedia":[{"embeddable":true,"href":"https:\/\/bisbalpenedes.com\/web\/wp-json\/wp\/v2\/media\/16209"}],"wp:attachment":[{"href":"https:\/\/bisbalpenedes.com\/web\/wp-json\/wp\/v2\/media?parent=16207"}],"wp:term":[{"taxonomy":"category","embeddable":true,"href":"https:\/\/bisbalpenedes.com\/web\/wp-json\/wp\/v2\/categories?post=16207"},{"taxonomy":"post_tag","embeddable":true,"href":"https:\/\/bisbalpenedes.com\/web\/wp-json\/wp\/v2\/tags?post=16207"}],"curies":[{"name":"wp","href":"https:\/\/api.w.org\/{rel}","templated":true}]}}