{"id":16188,"date":"2021-01-26T12:17:22","date_gmt":"2021-01-26T10:17:22","guid":{"rendered":"http:\/\/bisbalpenedes.com\/web\/?p=16188"},"modified":"2021-01-26T12:17:22","modified_gmt":"2021-01-26T10:17:22","slug":"es-prorroga-el-conveni-amb-el-consell-comarcal-del-baix-penedes-per-serveis-socials-per-al-2021","status":"publish","type":"post","link":"https:\/\/bisbalpenedes.com\/web\/2021\/01\/26\/es-prorroga-el-conveni-amb-el-consell-comarcal-del-baix-penedes-per-serveis-socials-per-al-2021\/","title":{"rendered":"Es prorroga el conveni amb el Consell Comarcal del Baix Pened\u00e8s per serveis socials per al 2021"},"content":{"rendered":"<p style=\"text-align: justify;\"><span style=\"color: #000000;\">La Junta de Govern local ha aprovat, a petici\u00f3 de la Regidoria de Serveis Socials, la pr\u00f2rroga del conveni 2016\/19 de serveis socials per a l\u2019any 2021, mentre no es formalitzi un nou contracte programa quadriennal. Aquest conveni, per a l\u2019any 2021, t\u00e9 un cost de 65.157,37\u20ac.<strong>\u00a0<\/strong><\/span><\/p>\n<p style=\"text-align: justify;\"><span style=\"color: #000000;\">Els serveis que ofereix el Consell Comarcal del Baix Pened\u00e8s, en mat\u00e8ria de serveis socials, inclouen: els professionals i serveis socials b\u00e0sics, el SAD depend\u00e8ncia i el SAD social, assegurances del voluntariat (Servei Bon Dia i Rebost Solidari), Servei d\u2019acolliment residencial d\u2019urg\u00e8ncia, transport adaptat, serveis d\u2019intervenci\u00f3 socioeducativa, el Servei d\u2019Informaci\u00f3 i Atenci\u00f3 a les Dones, el Servei d\u2019immigraci\u00f3 i el Centre obert.<\/span><\/p>\n<hr \/>\n<p style=\"text-align: justify;\"><span style=\"color: #000000;\"><strong>CASTELLANO |\u00a0<\/strong>La Junta de Gobierno local ha aprobado, a petici\u00f3n de la Concejal\u00eda de Servicios Sociales, la pr\u00f3rroga del convenio 2016\/19 de servicios sociales para el a\u00f1o 2021, mientras no se formalice un nuevo contrato programa cuadrienal. Este convenio, par el a\u00f1o 2021, tiene un oste de 65.157,37\u20ac<\/span><\/p>\n<p style=\"text-align: justify;\"><span style=\"color: #000000;\">Los servicios que ofrece el Consell comarcal del Baix Pened\u00e8s, en materia de servicios sociales, incluyen: los profesionales y servicios sociales b\u00e1sicos, el SAD dependencia y el SAD social, seguros del voluntariado (Servei Bon Dia y Rebost Solidari), Servicio de acogida residencial de urgencia, transporte adaptado, servicios de intervenci\u00f3n socioeducativa, el Servicio de informaci\u00f3n y Atenci\u00f3n a las Mujeres, el Servicio de inmigraci\u00f3n y el Centre obert.<\/span><\/p>\n","protected":false},"excerpt":{"rendered":"<p>La Junta de Govern local ha aprovat, a petici\u00f3 de la Regidoria de Serveis Socials, la pr\u00f2rroga del conveni 2016\/19 de serveis socials per a l\u2019any 2021, mentre no es &hellip; <a href=\"https:\/\/bisbalpenedes.com\/web\/2021\/01\/26\/es-prorroga-el-conveni-amb-el-consell-comarcal-del-baix-penedes-per-serveis-socials-per-al-2021\/\" class=\"more-link\">Read More<\/a><\/p>\n","protected":false},"author":4,"featured_media":2304,"comment_status":"closed","ping_status":"closed","sticky":false,"template":"","format":"standard","meta":[],"categories":[3137,8,17],"tags":[1064,1056,440,268],"_links":{"self":[{"href":"https:\/\/bisbalpenedes.com\/web\/wp-json\/wp\/v2\/posts\/16188"}],"collection":[{"href":"https:\/\/bisbalpenedes.com\/web\/wp-json\/wp\/v2\/posts"}],"about":[{"href":"https:\/\/bisbalpenedes.com\/web\/wp-json\/wp\/v2\/types\/post"}],"author":[{"embeddable":true,"href":"https:\/\/bisbalpenedes.com\/web\/wp-json\/wp\/v2\/users\/4"}],"replies":[{"embeddable":true,"href":"https:\/\/bisbalpenedes.com\/web\/wp-json\/wp\/v2\/comments?post=16188"}],"version-history":[{"count":1,"href":"https:\/\/bisbalpenedes.com\/web\/wp-json\/wp\/v2\/posts\/16188\/revisions"}],"predecessor-version":[{"id":16189,"href":"https:\/\/bisbalpenedes.com\/web\/wp-json\/wp\/v2\/posts\/16188\/revisions\/16189"}],"wp:featuredmedia":[{"embeddable":true,"href":"https:\/\/bisbalpenedes.com\/web\/wp-json\/wp\/v2\/media\/2304"}],"wp:attachment":[{"href":"https:\/\/bisbalpenedes.com\/web\/wp-json\/wp\/v2\/media?parent=16188"}],"wp:term":[{"taxonomy":"category","embeddable":true,"href":"https:\/\/bisbalpenedes.com\/web\/wp-json\/wp\/v2\/categories?post=16188"},{"taxonomy":"post_tag","embeddable":true,"href":"https:\/\/bisbalpenedes.com\/web\/wp-json\/wp\/v2\/tags?post=16188"}],"curies":[{"name":"wp","href":"https:\/\/api.w.org\/{rel}","templated":true}]}}