{"id":16180,"date":"2021-01-26T08:57:22","date_gmt":"2021-01-26T06:57:22","guid":{"rendered":"http:\/\/bisbalpenedes.com\/web\/?p=16180"},"modified":"2021-01-26T09:04:31","modified_gmt":"2021-01-26T07:04:31","slug":"infografies-actualitzades-amb-les-mesures-per-la-covid-19","status":"publish","type":"post","link":"https:\/\/bisbalpenedes.com\/web\/2021\/01\/26\/infografies-actualitzades-amb-les-mesures-per-la-covid-19\/","title":{"rendered":"Infografies actualitzades amb les mesures per la COVID-19"},"content":{"rendered":"<div class=\"\" data-block=\"true\" data-editor=\"32pls\" data-offset-key=\"c56s2-0-0\">\n<div class=\"_1mf _1mj\" style=\"text-align: justify;\" data-offset-key=\"c56s2-0-0\"><span style=\"color: #000000;\"><span data-offset-key=\"c56s2-1-0\"><span data-text=\"true\">Aquestes s\u00f3n les darreres infografies amb les mesures vigents per la COVID-19 que ha publicat la\u00a0<\/span><\/span><span class=\"diy96o5h\" spellcheck=\"false\" data-offset-key=\"c56s2-2-0\"><span data-offset-key=\"c56s2-2-0\"><span data-text=\"true\">Direcci\u00f3 General de Protecci\u00f3 Civil. Generalitat de Catalunya.<\/span><\/span><\/span><\/span><\/div>\n<div class=\"_1mf _1mj\" style=\"text-align: justify;\" data-offset-key=\"c56s2-0-0\"><span style=\"color: #000000;\">M\u00e9s informaci\u00f3:\u00a0<\/span>https:\/\/interior.gencat.cat\/web\/.content\/home\/030_arees_dactuacio\/proteccio_civil\/consells_autoproteccio_emergencies\/coronavirus\/distribuidora-rebrots\/doc_provisional_confinament_perimetral\/Resum_noves_mesures_covid19_20210125_CAT.pdf<\/div>\n<\/div>\n<div class=\"\" style=\"text-align: justify;\" data-block=\"true\" data-editor=\"32pls\" data-offset-key=\"4um08-0-0\">\n<div class=\"_1mf _1mj\" data-offset-key=\"4um08-0-0\">\n<hr \/>\n<\/div>\n<\/div>\n<div class=\"\" data-block=\"true\" data-editor=\"32pls\" data-offset-key=\"asof0-0-0\">\n<div class=\"_1mf _1mj\" style=\"text-align: justify;\" data-offset-key=\"asof0-0-0\"><span style=\"color: #000000;\" data-offset-key=\"asof0-0-0\"><span data-text=\"true\">Estas son las \u00faltimas infograf\u00edas con las medidas vigentes por la COVID-19 que ha publicado la Direcci\u00f3n General de Protecci\u00f3n Civil de la Generalitat de Catalunya.<\/span><\/span><\/div>\n<div class=\"_1mf _1mj\" style=\"text-align: justify;\" data-offset-key=\"asof0-0-0\"><span style=\"color: #000000;\">M\u00e1s informaci\u00f3n:\u00a0<\/span>https:\/\/interior.gencat.cat\/web\/.content\/home\/030_arees_dactuacio\/proteccio_civil\/consells_autoproteccio_emergencies\/coronavirus\/distribuidora-rebrots\/doc_provisional_confinament_perimetral\/Resum_noves_mesures_covid19_20210125_CAT.pdf<\/div>\n<div class=\"_1mf _1mj\" style=\"text-align: justify;\" data-offset-key=\"asof0-0-0\"><a href=\"http:\/\/bisbalpenedes.com\/web\/?attachment_id=16176\" rel=\"attachment wp-att-16176\"><img loading=\"lazy\" class=\"aligncenter size-full wp-image-16176\" src=\"http:\/\/bisbalpenedes.com\/web\/wp-content\/uploads\/2021\/01\/mesures-25-1-21_1.jpeg\" alt=\"mesures 25-1-21_1\" width=\"1414\" height=\"2000\" srcset=\"https:\/\/bisbalpenedes.com\/web\/wp-content\/uploads\/2021\/01\/mesures-25-1-21_1.jpeg 1414w, https:\/\/bisbalpenedes.com\/web\/wp-content\/uploads\/2021\/01\/mesures-25-1-21_1-212x300.jpeg 212w, https:\/\/bisbalpenedes.com\/web\/wp-content\/uploads\/2021\/01\/mesures-25-1-21_1-768x1086.jpeg 768w, https:\/\/bisbalpenedes.com\/web\/wp-content\/uploads\/2021\/01\/mesures-25-1-21_1-724x1024.jpeg 724w\" sizes=\"(max-width: 1414px) 100vw, 1414px\" \/><\/a> <a href=\"http:\/\/bisbalpenedes.com\/web\/?attachment_id=16177\" rel=\"attachment wp-att-16177\"><img loading=\"lazy\" class=\"aligncenter size-full wp-image-16177\" src=\"http:\/\/bisbalpenedes.com\/web\/wp-content\/uploads\/2021\/01\/Mesures-25-1-21_2.jpeg\" alt=\"Mesures 25-1-21_2\" width=\"1414\" height=\"2000\" srcset=\"https:\/\/bisbalpenedes.com\/web\/wp-content\/uploads\/2021\/01\/Mesures-25-1-21_2.jpeg 1414w, https:\/\/bisbalpenedes.com\/web\/wp-content\/uploads\/2021\/01\/Mesures-25-1-21_2-212x300.jpeg 212w, https:\/\/bisbalpenedes.com\/web\/wp-content\/uploads\/2021\/01\/Mesures-25-1-21_2-768x1086.jpeg 768w, https:\/\/bisbalpenedes.com\/web\/wp-content\/uploads\/2021\/01\/Mesures-25-1-21_2-724x1024.jpeg 724w\" sizes=\"(max-width: 1414px) 100vw, 1414px\" \/><\/a> <a href=\"http:\/\/bisbalpenedes.com\/web\/2021\/01\/26\/infografies-actualitzades-amb-les-mesures-per-la-covid-19\/mesures25-01-21_3\/\" rel=\"attachment wp-att-16181\"><img loading=\"lazy\" class=\"aligncenter size-full wp-image-16181\" src=\"http:\/\/bisbalpenedes.com\/web\/wp-content\/uploads\/2021\/01\/mesures25-01-21_3.jpeg\" alt=\"mesures25-01-21_3\" width=\"1414\" height=\"2000\" srcset=\"https:\/\/bisbalpenedes.com\/web\/wp-content\/uploads\/2021\/01\/mesures25-01-21_3.jpeg 1414w, https:\/\/bisbalpenedes.com\/web\/wp-content\/uploads\/2021\/01\/mesures25-01-21_3-212x300.jpeg 212w, https:\/\/bisbalpenedes.com\/web\/wp-content\/uploads\/2021\/01\/mesures25-01-21_3-768x1086.jpeg 768w, https:\/\/bisbalpenedes.com\/web\/wp-content\/uploads\/2021\/01\/mesures25-01-21_3-724x1024.jpeg 724w\" sizes=\"(max-width: 1414px) 100vw, 1414px\" \/><\/a> <a href=\"http:\/\/bisbalpenedes.com\/web\/?attachment_id=16178\" rel=\"attachment wp-att-16178\"><img loading=\"lazy\" class=\"aligncenter size-full wp-image-16178\" src=\"http:\/\/bisbalpenedes.com\/web\/wp-content\/uploads\/2021\/01\/mesures-25-1-21_4.jpeg\" alt=\"mesures 25-1-21_4\" width=\"1414\" height=\"2000\" srcset=\"https:\/\/bisbalpenedes.com\/web\/wp-content\/uploads\/2021\/01\/mesures-25-1-21_4.jpeg 1414w, https:\/\/bisbalpenedes.com\/web\/wp-content\/uploads\/2021\/01\/mesures-25-1-21_4-212x300.jpeg 212w, https:\/\/bisbalpenedes.com\/web\/wp-content\/uploads\/2021\/01\/mesures-25-1-21_4-768x1086.jpeg 768w, https:\/\/bisbalpenedes.com\/web\/wp-content\/uploads\/2021\/01\/mesures-25-1-21_4-724x1024.jpeg 724w\" sizes=\"(max-width: 1414px) 100vw, 1414px\" \/><\/a> <a href=\"http:\/\/bisbalpenedes.com\/web\/?attachment_id=16172\" rel=\"attachment wp-att-16172\"><img loading=\"lazy\" class=\"aligncenter size-full wp-image-16172\" src=\"http:\/\/bisbalpenedes.com\/web\/wp-content\/uploads\/2021\/01\/medidas-25-1-21_1.jpeg\" alt=\"medidas 25-1-21_1\" width=\"1414\" height=\"2000\" srcset=\"https:\/\/bisbalpenedes.com\/web\/wp-content\/uploads\/2021\/01\/medidas-25-1-21_1.jpeg 1414w, https:\/\/bisbalpenedes.com\/web\/wp-content\/uploads\/2021\/01\/medidas-25-1-21_1-212x300.jpeg 212w, https:\/\/bisbalpenedes.com\/web\/wp-content\/uploads\/2021\/01\/medidas-25-1-21_1-768x1086.jpeg 768w, https:\/\/bisbalpenedes.com\/web\/wp-content\/uploads\/2021\/01\/medidas-25-1-21_1-724x1024.jpeg 724w\" sizes=\"(max-width: 1414px) 100vw, 1414px\" \/><\/a> <a href=\"http:\/\/bisbalpenedes.com\/web\/?attachment_id=16173\" rel=\"attachment wp-att-16173\"><img loading=\"lazy\" class=\"aligncenter size-full wp-image-16173\" src=\"http:\/\/bisbalpenedes.com\/web\/wp-content\/uploads\/2021\/01\/medidas-25-1-21_2.jpeg\" alt=\"medidas 25-1-21_2\" width=\"1414\" height=\"2000\" srcset=\"https:\/\/bisbalpenedes.com\/web\/wp-content\/uploads\/2021\/01\/medidas-25-1-21_2.jpeg 1414w, https:\/\/bisbalpenedes.com\/web\/wp-content\/uploads\/2021\/01\/medidas-25-1-21_2-212x300.jpeg 212w, https:\/\/bisbalpenedes.com\/web\/wp-content\/uploads\/2021\/01\/medidas-25-1-21_2-768x1086.jpeg 768w, https:\/\/bisbalpenedes.com\/web\/wp-content\/uploads\/2021\/01\/medidas-25-1-21_2-724x1024.jpeg 724w\" sizes=\"(max-width: 1414px) 100vw, 1414px\" \/><\/a> <a href=\"http:\/\/bisbalpenedes.com\/web\/?attachment_id=16175\" rel=\"attachment wp-att-16175\"><img loading=\"lazy\" class=\"aligncenter size-full wp-image-16175\" src=\"http:\/\/bisbalpenedes.com\/web\/wp-content\/uploads\/2021\/01\/medidas-25-1-21_4.jpeg\" alt=\"medidas 25-1-21_4\" width=\"1414\" height=\"2000\" srcset=\"https:\/\/bisbalpenedes.com\/web\/wp-content\/uploads\/2021\/01\/medidas-25-1-21_4.jpeg 1414w, https:\/\/bisbalpenedes.com\/web\/wp-content\/uploads\/2021\/01\/medidas-25-1-21_4-212x300.jpeg 212w, https:\/\/bisbalpenedes.com\/web\/wp-content\/uploads\/2021\/01\/medidas-25-1-21_4-768x1086.jpeg 768w, https:\/\/bisbalpenedes.com\/web\/wp-content\/uploads\/2021\/01\/medidas-25-1-21_4-724x1024.jpeg 724w\" sizes=\"(max-width: 1414px) 100vw, 1414px\" \/><\/a> <a href=\"http:\/\/bisbalpenedes.com\/web\/?attachment_id=16174\" rel=\"attachment wp-att-16174\"><img loading=\"lazy\" class=\"aligncenter size-full wp-image-16174\" src=\"http:\/\/bisbalpenedes.com\/web\/wp-content\/uploads\/2021\/01\/medidas-25-1-21_3.jpeg\" alt=\"medidas 25-1-21_3\" width=\"1414\" height=\"2000\" srcset=\"https:\/\/bisbalpenedes.com\/web\/wp-content\/uploads\/2021\/01\/medidas-25-1-21_3.jpeg 1414w, https:\/\/bisbalpenedes.com\/web\/wp-content\/uploads\/2021\/01\/medidas-25-1-21_3-212x300.jpeg 212w, https:\/\/bisbalpenedes.com\/web\/wp-content\/uploads\/2021\/01\/medidas-25-1-21_3-768x1086.jpeg 768w, https:\/\/bisbalpenedes.com\/web\/wp-content\/uploads\/2021\/01\/medidas-25-1-21_3-724x1024.jpeg 724w\" sizes=\"(max-width: 1414px) 100vw, 1414px\" \/><\/a><\/div>\n<\/div>\n","protected":false},"excerpt":{"rendered":"<p>Aquestes s\u00f3n les darreres infografies amb les mesures vigents per la COVID-19 que ha publicat la\u00a0Direcci\u00f3 General de Protecci\u00f3 Civil. Generalitat de Catalunya. M\u00e9s informaci\u00f3:\u00a0https:\/\/interior.gencat.cat\/web\/.content\/home\/030_arees_dactuacio\/proteccio_civil\/consells_autoproteccio_emergencies\/coronavirus\/distribuidora-rebrots\/doc_provisional_confinament_perimetral\/Resum_noves_mesures_covid19_20210125_CAT.pdf Estas son las \u00faltimas infograf\u00edas &hellip; <a href=\"https:\/\/bisbalpenedes.com\/web\/2021\/01\/26\/infografies-actualitzades-amb-les-mesures-per-la-covid-19\/\" class=\"more-link\">Read More<\/a><\/p>\n","protected":false},"author":4,"featured_media":16172,"comment_status":"closed","ping_status":"closed","sticky":false,"template":"","format":"standard","meta":[],"categories":[8,14,2797],"tags":[3559,82,1190,28],"_links":{"self":[{"href":"https:\/\/bisbalpenedes.com\/web\/wp-json\/wp\/v2\/posts\/16180"}],"collection":[{"href":"https:\/\/bisbalpenedes.com\/web\/wp-json\/wp\/v2\/posts"}],"about":[{"href":"https:\/\/bisbalpenedes.com\/web\/wp-json\/wp\/v2\/types\/post"}],"author":[{"embeddable":true,"href":"https:\/\/bisbalpenedes.com\/web\/wp-json\/wp\/v2\/users\/4"}],"replies":[{"embeddable":true,"href":"https:\/\/bisbalpenedes.com\/web\/wp-json\/wp\/v2\/comments?post=16180"}],"version-history":[{"count":5,"href":"https:\/\/bisbalpenedes.com\/web\/wp-json\/wp\/v2\/posts\/16180\/revisions"}],"predecessor-version":[{"id":16186,"href":"https:\/\/bisbalpenedes.com\/web\/wp-json\/wp\/v2\/posts\/16180\/revisions\/16186"}],"wp:featuredmedia":[{"embeddable":true,"href":"https:\/\/bisbalpenedes.com\/web\/wp-json\/wp\/v2\/media\/16172"}],"wp:attachment":[{"href":"https:\/\/bisbalpenedes.com\/web\/wp-json\/wp\/v2\/media?parent=16180"}],"wp:term":[{"taxonomy":"category","embeddable":true,"href":"https:\/\/bisbalpenedes.com\/web\/wp-json\/wp\/v2\/categories?post=16180"},{"taxonomy":"post_tag","embeddable":true,"href":"https:\/\/bisbalpenedes.com\/web\/wp-json\/wp\/v2\/tags?post=16180"}],"curies":[{"name":"wp","href":"https:\/\/api.w.org\/{rel}","templated":true}]}}