{"id":16143,"date":"2021-01-21T10:38:18","date_gmt":"2021-01-21T08:38:18","guid":{"rendered":"http:\/\/bisbalpenedes.com\/web\/?p=16143"},"modified":"2021-01-21T10:40:46","modified_gmt":"2021-01-21T08:40:46","slug":"aquest-dimecres-sha-celebrat-un-ple-extraordinari-i-urgent-per-fer-designar-els-membres-de-les-meses-electorals","status":"publish","type":"post","link":"https:\/\/bisbalpenedes.com\/web\/2021\/01\/21\/aquest-dimecres-sha-celebrat-un-ple-extraordinari-i-urgent-per-fer-designar-els-membres-de-les-meses-electorals\/","title":{"rendered":"Aquest dimecres s&#8217;ha celebrat un Ple extraordinari i urgent per designar els membres de les meses electorals"},"content":{"rendered":"<p style=\"text-align: center;\"><iframe loading=\"lazy\" src=\"https:\/\/www.youtube.com\/embed\/qzq6I1GzkWY\" width=\"560\" height=\"315\" frameborder=\"0\" allowfullscreen=\"allowfullscreen\"><\/iframe><\/p>\n<p style=\"text-align: justify;\"><span style=\"color: #000000;\">Aquest dimecres 20 de gener, a les 8.30h del mat\u00ed, s\u2019ha celebrat un Ple extraordinari i urgent a l\u2019Ajuntament de la Bisbal del Pened\u00e8s. El Ple es va convocar el dimarts 19 de gener, despr\u00e9s que el Tribunal Superior de Just\u00edcia de Catalunya dict\u00e9s mesures cautelar\u00edssimes, quedant susp\u00e8s de forma cautelar\u2013per raons d\u2019especial urg\u00e8ncia- el Decret 1\/2021, de 15 de gener, pel qual es deixava sense efecte la celebraci\u00f3 de les eleccions al Parlament de Catalunya del 14 de febrer de 2021 a causa de la crisi sanit\u00e0ria derivada de la pand\u00e8mia causada per la COVID-19. Aix\u00f2 implicava que s\u2019havien de reprendre tots els tr\u00e0mits del proc\u00e9s electoral, entre ells els sortejos de membres de les meses electorals.<\/span><\/p>\n<p style=\"text-align: justify;\"><span style=\"color: #000000;\">Aix\u00ed, el Ple extraordinari ha abordat els seg\u00fcents punts:<\/span><\/p>\n<p style=\"padding-left: 30px; text-align: justify;\"><span style=\"color: #000000;\"><u>1.-Pronunciament del Ple sobre la urg\u00e8ncia de la sessi\u00f3.<\/u><\/span><\/p>\n<p style=\"padding-left: 30px; text-align: justify;\"><span style=\"color: #000000;\">S\u2019ha aprovat per unanimitat amb els vots a favor de Comprom\u00eds amb la Bisbal (6), PSC (2), Units per la Bisbal-Fic (1), Ara la Bisbal (1) i ERC-AM (1).<\/span><\/p>\n<p style=\"padding-left: 30px; text-align: justify;\"><span style=\"color: #000000;\"><u>2.-Designaci\u00f3 dels membres de les meses electorals per a les eleccions al Parlament del dia 14 de febrer.<\/u><\/span><\/p>\n<p style=\"padding-left: 30px; text-align: justify;\"><span style=\"color: #000000;\">Les persones triades per sorteig \u2013mitjan\u00e7ant aplicaci\u00f3 inform\u00e0tica- seran notificades abans de dissabte.<\/span><\/p>\n<p style=\"text-align: justify;\"><span style=\"color: #000000;\">El Ple s\u2019ha celebrat de forma presencial i a porta tancada per poder garantir totes les mesures de prevenci\u00f3 de contagis per la COVID-19. L\u2019enregistrament es pot veure a Youtube: <a style=\"color: #000000;\" href=\"https:\/\/youtu.be\/qzq6I1GzkWY\">https:\/\/youtu.be\/qzq6I1GzkWY<\/a><\/span><\/p>\n<hr \/>\n<p style=\"text-align: justify;\"><span style=\"color: #000000;\"><strong>CASTELLANO | <\/strong>Este mi\u00e9rcoles 20 de enero, a las 8.30h de la ma\u00f1ana, se ha celebrado un Pleno extraordinario y urgente en el Ayuntamiento de la Bisbal del Pened\u00e8s. El Pleno se convoc\u00f3 el martes 19 de enero, despu\u00e9s de que el Tribunal Superior de Justicia de Catalunya dictase medidas cautelar\u00edsimas, quedando suspendido de forma cautelar \u2013por razones de especial urgencia- el Decreto 1\/2021, de 15 de enero, por el cual se dejaba sin efecto la celebraci\u00f3n de las elecciones al Parlamento de Catalunya del 14 de febrero de 2021 a causa de la crisis sanitaria derivada de la pandemia causada por la COVID-19. Esto implicaba que se ten\u00edan que retomar todos los tr\u00e1mites del proceso electoral, entre ellos los sorteos de miembros de las mesas electorales.<\/span><\/p>\n<p style=\"text-align: justify;\"><span style=\"color: #000000;\"><u>As\u00ed, el Pleno extraordinario ha abordado los siguientes puntos:<\/u><\/span><\/p>\n<p style=\"padding-left: 30px; text-align: justify;\"><span style=\"color: #000000;\"><u>1.-Pronunciamiento del Pleno sobre la urgencia de la sesi\u00f3n.<\/u><\/span><\/p>\n<p style=\"padding-left: 30px; text-align: justify;\"><span style=\"color: #000000;\">Se ha aprobado por unanimidad con los votos a favor de Comprom\u00eds amb la Bisbal (6), PSC (2), Units per la Bisbal-FIC (1), Ara la Bisbal (1) y ERC-AM (1).<\/span><\/p>\n<p style=\"padding-left: 30px; text-align: justify;\"><span style=\"color: #000000;\"><u>2.-Designaci\u00f3n de los miembros de las mesas electorales para las elecciones al Parlamento del d\u00eda 14 de febrero.<\/u><\/span><\/p>\n<p style=\"padding-left: 30px; text-align: justify;\"><span style=\"color: #000000;\">Las personas escogidas por sorteo \u2013mediante aplicaci\u00f3n inform\u00e1tica- ser\u00e1n notificadas antes del s\u00e1bado.<\/span><\/p>\n<p style=\"text-align: justify;\"><span style=\"color: #000000;\">El Pleno se ha celebrado de forma presencial y a puerta cerrada para poder garantizar todas las medidas de prevenci\u00f3n de contagios por la COVID-19. La grabaci\u00f3n se puede ver en Youtube: <a style=\"color: #000000;\" href=\"https:\/\/youtu.be\/qzq6I1GzkWY\">https:\/\/youtu.be\/qzq6I1GzkWY<\/a><\/span><\/p>\n","protected":false},"excerpt":{"rendered":"<p>Aquest dimecres 20 de gener, a les 8.30h del mat\u00ed, s\u2019ha celebrat un Ple extraordinari i urgent a l\u2019Ajuntament de la Bisbal del Pened\u00e8s. El Ple es va convocar el &hellip; <a href=\"https:\/\/bisbalpenedes.com\/web\/2021\/01\/21\/aquest-dimecres-sha-celebrat-un-ple-extraordinari-i-urgent-per-fer-designar-els-membres-de-les-meses-electorals\/\" class=\"more-link\">Read More<\/a><\/p>\n","protected":false},"author":4,"featured_media":16144,"comment_status":"closed","ping_status":"closed","sticky":false,"template":"","format":"standard","meta":[],"categories":[8,2250],"tags":[946,139,423,4316,4317],"_links":{"self":[{"href":"https:\/\/bisbalpenedes.com\/web\/wp-json\/wp\/v2\/posts\/16143"}],"collection":[{"href":"https:\/\/bisbalpenedes.com\/web\/wp-json\/wp\/v2\/posts"}],"about":[{"href":"https:\/\/bisbalpenedes.com\/web\/wp-json\/wp\/v2\/types\/post"}],"author":[{"embeddable":true,"href":"https:\/\/bisbalpenedes.com\/web\/wp-json\/wp\/v2\/users\/4"}],"replies":[{"embeddable":true,"href":"https:\/\/bisbalpenedes.com\/web\/wp-json\/wp\/v2\/comments?post=16143"}],"version-history":[{"count":3,"href":"https:\/\/bisbalpenedes.com\/web\/wp-json\/wp\/v2\/posts\/16143\/revisions"}],"predecessor-version":[{"id":16147,"href":"https:\/\/bisbalpenedes.com\/web\/wp-json\/wp\/v2\/posts\/16143\/revisions\/16147"}],"wp:featuredmedia":[{"embeddable":true,"href":"https:\/\/bisbalpenedes.com\/web\/wp-json\/wp\/v2\/media\/16144"}],"wp:attachment":[{"href":"https:\/\/bisbalpenedes.com\/web\/wp-json\/wp\/v2\/media?parent=16143"}],"wp:term":[{"taxonomy":"category","embeddable":true,"href":"https:\/\/bisbalpenedes.com\/web\/wp-json\/wp\/v2\/categories?post=16143"},{"taxonomy":"post_tag","embeddable":true,"href":"https:\/\/bisbalpenedes.com\/web\/wp-json\/wp\/v2\/tags?post=16143"}],"curies":[{"name":"wp","href":"https:\/\/api.w.org\/{rel}","templated":true}]}}