{"id":16136,"date":"2021-01-20T13:01:19","date_gmt":"2021-01-20T11:01:19","guid":{"rendered":"http:\/\/bisbalpenedes.com\/web\/?p=16136"},"modified":"2021-01-24T19:14:22","modified_gmt":"2021-01-24T17:14:22","slug":"on-heu-de-dipositar-el-vostre-vot-si-voteu-de-forma-presencial-el-14-de-febrer","status":"publish","type":"post","link":"https:\/\/bisbalpenedes.com\/web\/2021\/01\/20\/on-heu-de-dipositar-el-vostre-vot-si-voteu-de-forma-presencial-el-14-de-febrer\/","title":{"rendered":"On heu de dipositar el vostre vot \u2013si voteu de forma presencial- el 14 de febrer?"},"content":{"rendered":"<p style=\"text-align: justify;\"><a href=\"http:\/\/bisbalpenedes.com\/web\/wp-content\/uploads\/2020\/10\/poble-vinyes-i-oliveres.jpg\"><img loading=\"lazy\" class=\"aligncenter size-large wp-image-15216\" src=\"http:\/\/bisbalpenedes.com\/web\/wp-content\/uploads\/2020\/10\/poble-vinyes-i-oliveres-1024x683.jpg\" alt=\"poble vinyes i oliveres\" width=\"630\" height=\"420\" srcset=\"https:\/\/bisbalpenedes.com\/web\/wp-content\/uploads\/2020\/10\/poble-vinyes-i-oliveres-1024x683.jpg 1024w, https:\/\/bisbalpenedes.com\/web\/wp-content\/uploads\/2020\/10\/poble-vinyes-i-oliveres-600x400.jpg 600w, https:\/\/bisbalpenedes.com\/web\/wp-content\/uploads\/2020\/10\/poble-vinyes-i-oliveres-300x200.jpg 300w, https:\/\/bisbalpenedes.com\/web\/wp-content\/uploads\/2020\/10\/poble-vinyes-i-oliveres-768x512.jpg 768w\" sizes=\"(max-width: 630px) 100vw, 630px\" \/><\/a><\/p>\n<p style=\"text-align: justify;\"><span style=\"color: #000000;\">Des de finals de l\u2019any 2015, els ve\u00efns de tots els barris de la Bisbal del Pened\u00e8s han anat a votar a l\u2019Escola Ull de Vent, havent-hi nom\u00e9s un col\u00b7legi electoral al municipi, distribu\u00eft en quatre meses. A causa de les mesures per prevenir la propagaci\u00f3 de la COVID-19, que inclouen el fet d\u2019evitar aglomeracions i mantenir dist\u00e0ncies, els locals electorals de les eleccions al Parlament de Catalunya previstes per al pr\u00f2xim 14 de febrer es duran a terme en dos locals:<\/span><\/p>\n<p style=\"text-align: justify; padding-left: 30px;\"><span style=\"color: #000000;\"><strong><u>Gimn\u00e0s de l\u2019Escola Ull de Vent (Avinguda Baix Pened\u00e8s s\/n):<\/u><\/strong><\/span><\/p>\n<p style=\"text-align: justify; padding-left: 30px;\"><span style=\"color: #000000;\">Hi votaran els ve\u00efns del Priorat de la Bisbal, Can Gordei, l\u2019Esplai, La Masieta i Santa Cristina<\/span><\/p>\n<p style=\"text-align: justify; padding-left: 30px;\"><span style=\"color: #000000;\"><strong><u>Rac\u00f3 de la Gent Gran (Avinguda Baix Pened\u00e8s s\/n):<\/u><\/strong><\/span><\/p>\n<p style=\"text-align: justify; padding-left: 30px;\"><span style=\"color: #000000;\">Hi votaran els ve\u00efns del nucli, l\u2019Ortig\u00f3s, la Miralba i el Papagai.<\/span><\/p>\n<hr \/>\n<p style=\"text-align: justify;\"><span style=\"color: #000000;\"><strong>CASTELLANO |<\/strong> Desde finales del 2015, todos los vecinos de todos los barrios de la Bisbal del Pened\u00e8s han ido a votar a la Escuela Ull de Vent, habiendo solamente un colegio electoral en el municipio, distribuido en cuatro mesas. A causa de las medidas para prevenir la propagaci\u00f3n de la COVID-19, que incluyen el hecho de evitar aglomeraciones y mantener las distancias, los locales electorales de las elecciones al Parlamento de Catalunya previstas para el pr\u00f3ximo 14 de febrero se llevar\u00e1n a cabo en dos locales:<\/span><\/p>\n<p style=\"text-align: justify; padding-left: 30px;\"><span style=\"color: #000000;\"><strong><u>Gimnasio de la Escuela Ull de Vent (Avenida Baix Pened\u00e8s s\/n):<\/u><\/strong><\/span><\/p>\n<p style=\"text-align: justify; padding-left: 30px;\"><span style=\"color: #000000;\">Votar\u00e1n all\u00ed los vecinos del Priorat de la Bisbal, Can Gordei, l\u2019Esplai, La Masieta y Santa Cristina.<\/span><\/p>\n<p style=\"text-align: justify; padding-left: 30px;\"><span style=\"color: #000000;\"><strong><u>Rac\u00f3 de la Gent Gran (Avenida Baix Pened\u00e8s s\/n):<\/u><\/strong><\/span><\/p>\n<p style=\"text-align: justify; padding-left: 30px;\"><span style=\"color: #000000;\">Votar\u00e1n all\u00ed los vecinos del n\u00facleo, l\u2019Ortig\u00f3s, la Miralba y el Papagai.<\/span><\/p>\n","protected":false},"excerpt":{"rendered":"<p>Des de finals de l\u2019any 2015, els ve\u00efns de tots els barris de la Bisbal del Pened\u00e8s han anat a votar a l\u2019Escola Ull de Vent, havent-hi nom\u00e9s un col\u00b7legi &hellip; <a href=\"https:\/\/bisbalpenedes.com\/web\/2021\/01\/20\/on-heu-de-dipositar-el-vostre-vot-si-voteu-de-forma-presencial-el-14-de-febrer\/\" class=\"more-link\">Read More<\/a><\/p>\n","protected":false},"author":4,"featured_media":15216,"comment_status":"closed","ping_status":"closed","sticky":false,"template":"","format":"standard","meta":[],"categories":[8],"tags":[4315,4313,892,946,4314],"_links":{"self":[{"href":"https:\/\/bisbalpenedes.com\/web\/wp-json\/wp\/v2\/posts\/16136"}],"collection":[{"href":"https:\/\/bisbalpenedes.com\/web\/wp-json\/wp\/v2\/posts"}],"about":[{"href":"https:\/\/bisbalpenedes.com\/web\/wp-json\/wp\/v2\/types\/post"}],"author":[{"embeddable":true,"href":"https:\/\/bisbalpenedes.com\/web\/wp-json\/wp\/v2\/users\/4"}],"replies":[{"embeddable":true,"href":"https:\/\/bisbalpenedes.com\/web\/wp-json\/wp\/v2\/comments?post=16136"}],"version-history":[{"count":2,"href":"https:\/\/bisbalpenedes.com\/web\/wp-json\/wp\/v2\/posts\/16136\/revisions"}],"predecessor-version":[{"id":16160,"href":"https:\/\/bisbalpenedes.com\/web\/wp-json\/wp\/v2\/posts\/16136\/revisions\/16160"}],"wp:featuredmedia":[{"embeddable":true,"href":"https:\/\/bisbalpenedes.com\/web\/wp-json\/wp\/v2\/media\/15216"}],"wp:attachment":[{"href":"https:\/\/bisbalpenedes.com\/web\/wp-json\/wp\/v2\/media?parent=16136"}],"wp:term":[{"taxonomy":"category","embeddable":true,"href":"https:\/\/bisbalpenedes.com\/web\/wp-json\/wp\/v2\/categories?post=16136"},{"taxonomy":"post_tag","embeddable":true,"href":"https:\/\/bisbalpenedes.com\/web\/wp-json\/wp\/v2\/tags?post=16136"}],"curies":[{"name":"wp","href":"https:\/\/api.w.org\/{rel}","templated":true}]}}