{"id":16131,"date":"2021-01-19T17:47:16","date_gmt":"2021-01-19T15:47:16","guid":{"rendered":"http:\/\/bisbalpenedes.com\/web\/?p=16131"},"modified":"2021-01-19T17:52:13","modified_gmt":"2021-01-19T15:52:13","slug":"dema-dimecres-20-de-gener-a-les-830h-se-celebrara-un-ple-per-fer-els-sorteig-de-les-meses-electorals","status":"publish","type":"post","link":"https:\/\/bisbalpenedes.com\/web\/2021\/01\/19\/dema-dimecres-20-de-gener-a-les-830h-se-celebrara-un-ple-per-fer-els-sorteig-de-les-meses-electorals\/","title":{"rendered":"Dem\u00e0 dimecres 20 de gener a les 8:30h se celebrar\u00e0 un Ple extraordinari i urgent per fer el sorteig de les meses electorals"},"content":{"rendered":"<p style=\"text-align: justify;\"><span style=\"color: #000000;\">D\u2019acord amb les mesures cautelar\u00edssimes dictades pel Tribunal Superior de Just\u00edcia de Catalunya, ha quedat susp\u00e8s cautelarment, per raons d\u2019especial urg\u00e8ncia, el Decret 1\/2021, de 15 de gener, pel qual es deixava sense efecte la celebraci\u00f3 de les eleccions al Parlament de Catalunya del 14 de febrer de 2021 a causa de la crisi sanit\u00e0ria derivada de la pand\u00e8mia causada per la COVID-19. Aix\u00f2 implica que s\u2019han de reprendre tots els tr\u00e0mits del proc\u00e9s electoral, entre ells els sortejos de membres de les meses electorals i la selecci\u00f3 de representants de l\u2019Administraci\u00f3.<\/span><br \/>\n<span style=\"color: #000000;\"> Per tot plegat, <u>s\u2019ha convocat un Ple extraordinari de car\u00e0cter urgent per al dimecres 20 de gener, a les 8:30h,<\/u> amb dos punts:<\/span><\/p>\n<p style=\"padding-left: 30px; text-align: justify;\"><span style=\"color: #000000;\">1.-Pronunciament del Ple sobre la urg\u00e8ncia de la sessi\u00f3.<\/span><\/p>\n<p style=\"padding-left: 30px; text-align: justify;\"><span style=\"color: #000000;\">2.-Designaci\u00f3 dels membres de les meses electorals per a les eleccions al Parlament del dia 14 de febrer.<\/span><\/p>\n<p style=\"text-align: justify;\"><span style=\"color: #000000;\">El Ple se celebrar\u00e0 de forma presencial i a porta tancada per poder garantir totes les mesures de prevenci\u00f3 de contagis per la COVID-19. Posteriorment, es podr\u00e0 veure l\u2019enregistrament a Youtube.<\/span><\/p>\n<hr \/>\n<p style=\"text-align: justify;\"><span style=\"color: #000000;\"><strong>CASTELLANO |<\/strong> De acuerdo con las medidas cuatelar\u00edsimas dictadas por el Tribunal Superior de Justicia de Catalunya, ha quedado suspendido cautelarmente, por razones de Especial urgencia, el Decreto 1\/2021, de 15 de enero, por el cual se dejaba sin efecto la celebraci\u00f3n de las elecciones al Parlamento de Catalunya del 14 de febrero de 2021 a causa de la crisis sanitaria derivada de la pandemia causada por la COVID-19. Esto implica que se tienen que retomar todos los tr\u00e1mites del proceso electoral, entre ellos los sorteos de miembros de las mesas electorales y la selecci\u00f3n de representantes de la Administraci\u00f3n.<\/span><br \/>\n<span style=\"color: #000000;\"> Por todo ello, <u>se ha convocado un Pleno extraordinario de car\u00e1cter urgente para el mi\u00e9rcoles 20 de enero, a las 8:30h<\/u>, con dos puntos:<\/span><\/p>\n<p style=\"padding-left: 30px; text-align: justify;\"><span style=\"color: #000000;\">1.-Pronunciamiento del Pleno sobre la urgencia de la sesi\u00f3n.<\/span><\/p>\n<p style=\"padding-left: 30px; text-align: justify;\"><span style=\"color: #000000;\">2.-Designaci\u00f3n de los miembros de las mesas electorales para las elecciones al Parlamento del d\u00eda 14 de febrero.<\/span><\/p>\n<p style=\"text-align: justify;\"><span style=\"color: #000000;\">El Pleno se celebrar\u00e1 de forma presencial y a puerta cerrada para poder garantizar todas las medidas de prevenci\u00f3n de contagios por la COVID-19. Posteriormente, se podr\u00e1 ver la grabaci\u00f3n en Youtube.<\/span><\/p>\n","protected":false},"excerpt":{"rendered":"<p>D\u2019acord amb les mesures cautelar\u00edssimes dictades pel Tribunal Superior de Just\u00edcia de Catalunya, ha quedat susp\u00e8s cautelarment, per raons d\u2019especial urg\u00e8ncia, el Decret 1\/2021, de 15 de gener, pel qual &hellip; <a href=\"https:\/\/bisbalpenedes.com\/web\/2021\/01\/19\/dema-dimecres-20-de-gener-a-les-830h-se-celebrara-un-ple-per-fer-els-sorteig-de-les-meses-electorals\/\" class=\"more-link\">Read More<\/a><\/p>\n","protected":false},"author":4,"featured_media":8717,"comment_status":"closed","ping_status":"closed","sticky":false,"template":"","format":"standard","meta":[],"categories":[8,2250],"tags":[946,139,423,4312],"_links":{"self":[{"href":"https:\/\/bisbalpenedes.com\/web\/wp-json\/wp\/v2\/posts\/16131"}],"collection":[{"href":"https:\/\/bisbalpenedes.com\/web\/wp-json\/wp\/v2\/posts"}],"about":[{"href":"https:\/\/bisbalpenedes.com\/web\/wp-json\/wp\/v2\/types\/post"}],"author":[{"embeddable":true,"href":"https:\/\/bisbalpenedes.com\/web\/wp-json\/wp\/v2\/users\/4"}],"replies":[{"embeddable":true,"href":"https:\/\/bisbalpenedes.com\/web\/wp-json\/wp\/v2\/comments?post=16131"}],"version-history":[{"count":4,"href":"https:\/\/bisbalpenedes.com\/web\/wp-json\/wp\/v2\/posts\/16131\/revisions"}],"predecessor-version":[{"id":16135,"href":"https:\/\/bisbalpenedes.com\/web\/wp-json\/wp\/v2\/posts\/16131\/revisions\/16135"}],"wp:featuredmedia":[{"embeddable":true,"href":"https:\/\/bisbalpenedes.com\/web\/wp-json\/wp\/v2\/media\/8717"}],"wp:attachment":[{"href":"https:\/\/bisbalpenedes.com\/web\/wp-json\/wp\/v2\/media?parent=16131"}],"wp:term":[{"taxonomy":"category","embeddable":true,"href":"https:\/\/bisbalpenedes.com\/web\/wp-json\/wp\/v2\/categories?post=16131"},{"taxonomy":"post_tag","embeddable":true,"href":"https:\/\/bisbalpenedes.com\/web\/wp-json\/wp\/v2\/tags?post=16131"}],"curies":[{"name":"wp","href":"https:\/\/api.w.org\/{rel}","templated":true}]}}