{"id":16127,"date":"2021-01-19T10:55:44","date_gmt":"2021-01-19T08:55:44","guid":{"rendered":"http:\/\/bisbalpenedes.com\/web\/?p=16127"},"modified":"2021-01-19T10:56:34","modified_gmt":"2021-01-19T08:56:34","slug":"el-dissabte-23-de-gener-a-les-18h-projectarem-la-pellicula-adu-del-cicle-gaudi","status":"publish","type":"post","link":"https:\/\/bisbalpenedes.com\/web\/2021\/01\/19\/el-dissabte-23-de-gener-a-les-18h-projectarem-la-pellicula-adu-del-cicle-gaudi\/","title":{"rendered":"El dissabte 23 de gener a les 18h projectarem la pel\u00b7l\u00edcula \u2018Ad\u00fa\u2019 del Cicle Gaud\u00ed"},"content":{"rendered":"<p style=\"text-align: center;\"><iframe loading=\"lazy\" src=\"https:\/\/www.youtube.com\/embed\/-VAQPQx1KJ4\" width=\"560\" height=\"315\" frameborder=\"0\" allowfullscreen=\"allowfullscreen\"><\/iframe><\/p>\n<p style=\"text-align: justify;\"><span style=\"color: #000000;\">El dissabte 23 de gener, a les 18h, projectarem la pel\u00b7l\u00edcula \u2018Ad\u00fa\u2019 del Cicle Gaud\u00ed.<\/span><\/p>\n<p style=\"text-align: justify;\"><span style=\"color: #000000;\">Les taquilles s\u2019obriran 30 minuts abans amb l\u2019objectiu de tenir un control dels assistents i poder-los ubicar respectant totes les mesures de seguretat per la Covid-19. L\u2019aforament ser\u00e0 limitat.<\/span><\/p>\n<p style=\"text-align: justify;\"><span style=\"color: #000000;\">El preu general de l\u2019entrada \u00e9s de 4,5\u20ac i s\u2019ofereix un preu redu\u00eft de 3\u20ac presentant el carnet de la Biblioteca Municipal de La Bisbal.<\/span><\/p>\n<p style=\"text-align: justify;\"><span style=\"color: #000000;\">Quant a la recaptaci\u00f3, aquesta es destinar\u00e0 a l\u2019entitat del poble que s\u2019encarregui de gestionar la taquilla, en aquest cas l\u2019Associaci\u00f3 de Dones La Roca Foradada.<\/span><\/p>\n<p style=\"text-align: justify;\"><span style=\"color: #000000;\">\u00a0<\/span><\/p>\n<p style=\"text-align: justify;\"><span style=\"color: #000000;\"><strong>FITXA T\u00c8CNICA<\/strong><\/span><\/p>\n<p style=\"text-align: justify;\"><span style=\"color: #000000;\">Direcci\u00f3: Salvador Calvo<\/span><\/p>\n<p style=\"text-align: justify;\"><span style=\"color: #000000;\">Gui\u00f3: Alejandro Hern\u00e1ndez<\/span><\/p>\n<p style=\"text-align: justify;\"><span style=\"color: #000000;\">Muntatge: Jaime Collis<\/span><\/p>\n<p style=\"text-align: justify;\"><span style=\"color: #000000;\">Estrena: Gener 2020<\/span><\/p>\n<p style=\"text-align: justify;\"><span style=\"color: #000000;\">Durada: 120 min.<\/span><\/p>\n<p style=\"text-align: justify;\"><span style=\"color: #000000;\">G\u00e8nere: Drama de ficci\u00f3 \u2013 llargmetratge<\/span><\/p>\n<p style=\"text-align: justify;\"><span style=\"color: #000000;\">Versi\u00f3: Original en castell\u00e0, franc\u00e8s, angl\u00e8s<\/span><\/p>\n<p style=\"text-align: justify;\"><span style=\"color: #000000;\">Int\u00e8rprets: Llu\u00eds Tosar, Anna Castillo, Patrick Criado, Fernando Cayo, \u00c1lvaro Cervantes<\/span><\/p>\n<p style=\"text-align: justify;\"><span style=\"color: #000000;\">\u00a0<\/span><\/p>\n<p style=\"text-align: justify;\"><span style=\"color: #000000;\"><strong>SINOPSIS<\/strong><\/span><\/p>\n<p style=\"text-align: justify;\"><span style=\"color: #000000;\">En un intent desesperat per arribar a Europa i amagats davant d\u2019una pista d\u2019aterratge al Camerun, un nen de sis anys i la seva germana gran esperen per colar-se en els cellers d\u2019un avi\u00f3. No massa lluny, un activista mediambiental contempla la terrible imatge d\u2019un elefant, mort i sense ullals. No nom\u00e9s ha de lluitar contra la ca\u00e7a furtiva, sin\u00f3 que tamb\u00e9 haur\u00e0 de retrobar-se amb els problemes de la seva filla acabada d\u2019arribar d\u2019Espanya. Milers de quil\u00f2metres al nord, a Melilla, un grup de gu\u00e0rdies civils es prepara per enfrontar-se a la furibunda multitud de subsaharians que ha iniciat l\u2019assalt a la tanca.<\/span><\/p>\n<p style=\"text-align: justify;\"><span style=\"color: #000000;\">Tres hist\u00f2ries, en qu\u00e8 cap dels seus protagonistes sap que els seus destins estan condemnats a creuar-se i que les seves vides ja no tornaran a se les mateixes.<\/span><\/p>\n<p style=\"text-align: justify;\"><a href=\"http:\/\/bisbalpenedes.com\/web\/wp-content\/uploads\/2021\/01\/VISUAL_A3_ADU_LA_BISBAL_PENEDES.jpg\"><img loading=\"lazy\" class=\"aligncenter size-large wp-image-16128\" src=\"http:\/\/bisbalpenedes.com\/web\/wp-content\/uploads\/2021\/01\/VISUAL_A3_ADU_LA_BISBAL_PENEDES-724x1024.jpg\" alt=\"VISUAL_A3_ADU_LA_BISBAL_PENEDES\" width=\"630\" height=\"891\" srcset=\"https:\/\/bisbalpenedes.com\/web\/wp-content\/uploads\/2021\/01\/VISUAL_A3_ADU_LA_BISBAL_PENEDES-724x1024.jpg 724w, https:\/\/bisbalpenedes.com\/web\/wp-content\/uploads\/2021\/01\/VISUAL_A3_ADU_LA_BISBAL_PENEDES-212x300.jpg 212w, https:\/\/bisbalpenedes.com\/web\/wp-content\/uploads\/2021\/01\/VISUAL_A3_ADU_LA_BISBAL_PENEDES-768x1086.jpg 768w, https:\/\/bisbalpenedes.com\/web\/wp-content\/uploads\/2021\/01\/VISUAL_A3_ADU_LA_BISBAL_PENEDES.jpg 1123w\" sizes=\"(max-width: 630px) 100vw, 630px\" \/><\/a><\/p>\n<hr \/>\n<p style=\"text-align: justify;\"><span style=\"color: #000000;\"><strong>CASTELLANO<\/strong><\/span><\/p>\n<p style=\"text-align: justify;\"><span style=\"color: #000000;\">El s\u00e1bado 23 de enero, a las 18h, proyectaremos la pel\u00edcula \u2018Ad\u00fa\u2019 del Cicle Gaud\u00ed.<\/span><\/p>\n<p style=\"text-align: justify;\"><span style=\"color: #000000;\">Las taquillas se abrir\u00e1n 30 minutos antes con el objetivo de tener un control de los asistentes y poderlos ubicar respetando todas las medidas de seguridad por la Covid-19. El aforo ser\u00e1 limitado.<\/span><\/p>\n<p style=\"text-align: justify;\"><span style=\"color: #000000;\">El precio general de la entrada es de 4,5\u20ac y se ofrece un precio reducido de 3\u20ac presentando el carn\u00e9 de la Biblioteca Municipal de La Bisbal.<\/span><\/p>\n<p style=\"text-align: justify;\"><span style=\"color: #000000;\">En cuanto a la recaudaci\u00f3n, esta se destinar\u00e1 a la entidad del pueblo que se encargue de gestionar la taquilla, en este caso la Associaci\u00f3 de Dones La Roca Foradada.<\/span><\/p>\n<p style=\"text-align: justify;\"><span style=\"color: #000000;\"><strong>FICHA T\u00c9CNICA<\/strong><\/span><\/p>\n<p style=\"text-align: justify;\"><span style=\"color: #000000;\">Direcci\u00f3n: Salvador Calvo<\/span><\/p>\n<p style=\"text-align: justify;\"><span style=\"color: #000000;\">Gui\u00f3n: Alejandro Hern\u00e1ndez<\/span><\/p>\n<p style=\"text-align: justify;\"><span style=\"color: #000000;\">Montaje: Jaime Collis<\/span><\/p>\n<p style=\"text-align: justify;\"><span style=\"color: #000000;\">Estreno: Gener 2020<\/span><\/p>\n<p style=\"text-align: justify;\"><span style=\"color: #000000;\">Duraci\u00f3n: 120 min.<\/span><\/p>\n<p style=\"text-align: justify;\"><span style=\"color: #000000;\">G\u00e9nero: Drama de ficci\u00f3n \u2013 largometraje<\/span><\/p>\n<p style=\"text-align: justify;\"><span style=\"color: #000000;\">Versi\u00f3n: Original en castellano, franc\u00e9s, ingl\u00e9s<\/span><\/p>\n<p style=\"text-align: justify;\"><span style=\"color: #000000;\">Int\u00e9rpretes: Llu\u00eds Tosar, Anna Castillo, Patrick Criado, Fernando Cayo, \u00c1lvaro Cervantes<\/span><\/p>\n<p style=\"text-align: justify;\"><span style=\"color: #000000;\">\u00a0<\/span><\/p>\n<p style=\"text-align: justify;\"><span style=\"color: #000000;\"><strong>SINOPSIS<\/strong><\/span><\/p>\n<p style=\"text-align: justify;\"><span style=\"color: #000000;\">En un intento desesperado para llegar a Europa y escondidos delante de una pista de aterrizaje en Camer\u00fan, un ni\u00f1o de seis a\u00f1os y su hermana mayor esperan para colarse en las bodegas de un avi\u00f3n. No demasiado lejos, un activista medioambiental contempla la terrible imagen de un elefante, muerto y sin colmillos. No solamente tiene que luchar contra la caza furtiva, sino que tambi\u00e9n tendr\u00e1 que reencontrarse con los problemas de su hija acabada de llegar de Espa\u00f1a. Miles de quil\u00f3metros hacia el norte, en Melilla, un grupo de guardias civiles se prepara para enfrentarse a la furibunda multitud de subsaharianos que ha iniciado el asalto a la valla.<\/span><\/p>\n<p style=\"text-align: justify;\"><span style=\"color: #000000;\">Tres historias, en que ninguno de sus protagonistas sabe que sus destinos est\u00e1n condenados a cruzarse y que sus vidas ya no volver\u00e1n a ser las mismas.<\/span><\/p>\n","protected":false},"excerpt":{"rendered":"<p>El dissabte 23 de gener, a les 18h, projectarem la pel\u00b7l\u00edcula \u2018Ad\u00fa\u2019 del Cicle Gaud\u00ed. Les taquilles s\u2019obriran 30 minuts abans amb l\u2019objectiu de tenir un control dels assistents i &hellip; <a href=\"https:\/\/bisbalpenedes.com\/web\/2021\/01\/19\/el-dissabte-23-de-gener-a-les-18h-projectarem-la-pellicula-adu-del-cicle-gaudi\/\" class=\"more-link\">Read More<\/a><\/p>\n","protected":false},"author":4,"featured_media":16128,"comment_status":"closed","ping_status":"closed","sticky":false,"template":"","format":"standard","meta":[],"categories":[2942,13,8],"tags":[308,307,225,4295],"_links":{"self":[{"href":"https:\/\/bisbalpenedes.com\/web\/wp-json\/wp\/v2\/posts\/16127"}],"collection":[{"href":"https:\/\/bisbalpenedes.com\/web\/wp-json\/wp\/v2\/posts"}],"about":[{"href":"https:\/\/bisbalpenedes.com\/web\/wp-json\/wp\/v2\/types\/post"}],"author":[{"embeddable":true,"href":"https:\/\/bisbalpenedes.com\/web\/wp-json\/wp\/v2\/users\/4"}],"replies":[{"embeddable":true,"href":"https:\/\/bisbalpenedes.com\/web\/wp-json\/wp\/v2\/comments?post=16127"}],"version-history":[{"count":2,"href":"https:\/\/bisbalpenedes.com\/web\/wp-json\/wp\/v2\/posts\/16127\/revisions"}],"predecessor-version":[{"id":16130,"href":"https:\/\/bisbalpenedes.com\/web\/wp-json\/wp\/v2\/posts\/16127\/revisions\/16130"}],"wp:featuredmedia":[{"embeddable":true,"href":"https:\/\/bisbalpenedes.com\/web\/wp-json\/wp\/v2\/media\/16128"}],"wp:attachment":[{"href":"https:\/\/bisbalpenedes.com\/web\/wp-json\/wp\/v2\/media?parent=16127"}],"wp:term":[{"taxonomy":"category","embeddable":true,"href":"https:\/\/bisbalpenedes.com\/web\/wp-json\/wp\/v2\/categories?post=16127"},{"taxonomy":"post_tag","embeddable":true,"href":"https:\/\/bisbalpenedes.com\/web\/wp-json\/wp\/v2\/tags?post=16127"}],"curies":[{"name":"wp","href":"https:\/\/api.w.org\/{rel}","templated":true}]}}