{"id":16108,"date":"2021-01-16T12:59:36","date_gmt":"2021-01-16T10:59:36","guid":{"rendered":"http:\/\/bisbalpenedes.com\/web\/?p=16108"},"modified":"2021-01-16T13:01:45","modified_gmt":"2021-01-16T11:01:45","slug":"es-desconvoca-el-ple-del-dilluns-18-de-gener-que-tenia-com-a-objectiu-realitzar-el-sorteig-dels-membres-de-les-meses-electorals-per-a-les-eleccions-al-parlament-de-catalunya-del-14-de-febrer-de-2021","status":"publish","type":"post","link":"https:\/\/bisbalpenedes.com\/web\/2021\/01\/16\/es-desconvoca-el-ple-del-dilluns-18-de-gener-que-tenia-com-a-objectiu-realitzar-el-sorteig-dels-membres-de-les-meses-electorals-per-a-les-eleccions-al-parlament-de-catalunya-del-14-de-febrer-de-2021\/","title":{"rendered":"Es desconvoca el Ple del dilluns 18 de gener que tenia com a objectiu realitzar el sorteig dels membres de les meses electorals per a les eleccions al Parlament de Catalunya del 14 de febrer de 2021"},"content":{"rendered":"<p style=\"text-align: justify;\"><span style=\"color: #000000;\">Tenint en compte que el <a style=\"color: #000000;\" href=\"https:\/\/portaldogc.gencat.cat\/utilsEADOP\/dogc2\/dogc_ca.pdf\">Decret 1\/2021 de 15 de gener,<\/a> pel qual es deixa sense efecte la celebraci\u00f3 de les eleccions al Parlament de Catalunya del 14 de febrer de 2021 a causa de la crisi sanit\u00e0ria derivada de la pand\u00e8mia causada per la COVID-19, publicat avui 16 de gener al Diari Oficial de la Generalitat de Catalunya (DOGC), l\u2019alcaldessa Agn\u00e8s Ferr\u00e9 ha signat un Decret d\u2019alcaldia per desconvocar el Ple extraordinari, previst per al dilluns 18 de gener, que tenia com a objectiu realitzar el sorteig dels membres de les meses electorals per a les eleccions al Parlament de Catalunya del 14 de febrer de 2021.<\/span><\/p>\n<p style=\"text-align: justify;\"><span style=\"color: #000000;\">Segons el Decret publicat al DOGC, \u201cles eleccions al Parlament de Catalunya es convocaran per tal que tinguin lloc el dia 30 de maig de 2021, pr\u00e8via an\u00e0lisi de les circumst\u00e0ncies epidemiol\u00f2giques i de salut p\u00fablica i de l\u2019evoluci\u00f3 de la pand\u00e8mia en el territori de Catalunya, i amb la deliberaci\u00f3 pr\u00e8via del Govern, mitjan\u00e7ant un decret del vicepresident del Govern en substituci\u00f3 de la presid\u00e8ncia de la Generalitat\u201d.<\/span><\/p>\n<hr \/>\n<p style=\"text-align: justify;\"><span style=\"color: #000000;\"><strong>CASTELLANO |<\/strong> Teniendo en cuenta que el <a href=\"https:\/\/portaldogc.gencat.cat\/utilsEADOP\/dogc2\/dogc_ca.pdf\" target=\"_blank\">Decreto 1\/2021 de 15 de enero,<\/a> por el cual se deja sin efecto la celebraci\u00f3n de las elecciones al Parlamento de Catalunya del 14 de febrero de 2021 a causa de la crisis sanitaria derivada de la pandemia causada por la COVID-19, publicado hoy 16 de enero en el Diario Oficial de la Generalitat de Catalunya (DOGC), la alcaldesa Agn\u00e8s Ferr\u00e9 ha firmado un Decreto de alcald\u00eda para desconvocar el Pleno extraordinario, previsto para el lunes 18 de enero, que ten\u00eda como objetivo realizar el sorteo de los miembros de las mesas electorales para las elecciones al Parlamento de Catalunya del 14 de febrero de 2021.<\/span><\/p>\n<p style=\"text-align: justify;\"><span style=\"color: #000000;\">Seg\u00fan el Decreto publicado en el DOGC, \u201clas elecciones al Parlamento de Catalunya se convocar\u00e1n con tal que tengan lugar el d\u00eda 30 de mayo de 2021, previo an\u00e1lisis de las circunstancias epidemiol\u00f3gicas y de salud p\u00fablica y de la evoluci\u00f3n de la pandemia en el territorio de Catalunya, y con la deliberaci\u00f3n previa del Gobierno, mediante un decreto del vicepresidente del Gobierno en sustituci\u00f3n de la presidencia de la Generalitat\u201d.<\/span><\/p>\n","protected":false},"excerpt":{"rendered":"<p>Tenint en compte que el Decret 1\/2021 de 15 de gener, pel qual es deixa sense efecte la celebraci\u00f3 de les eleccions al Parlament de Catalunya del 14 de febrer &hellip; <a href=\"https:\/\/bisbalpenedes.com\/web\/2021\/01\/16\/es-desconvoca-el-ple-del-dilluns-18-de-gener-que-tenia-com-a-objectiu-realitzar-el-sorteig-dels-membres-de-les-meses-electorals-per-a-les-eleccions-al-parlament-de-catalunya-del-14-de-febrer-de-2021\/\" class=\"more-link\">Read More<\/a><\/p>\n","protected":false},"author":4,"featured_media":14975,"comment_status":"closed","ping_status":"closed","sticky":false,"template":"","format":"standard","meta":[],"categories":[2057,8],"tags":[1252,1503,4311,1726,892,889],"_links":{"self":[{"href":"https:\/\/bisbalpenedes.com\/web\/wp-json\/wp\/v2\/posts\/16108"}],"collection":[{"href":"https:\/\/bisbalpenedes.com\/web\/wp-json\/wp\/v2\/posts"}],"about":[{"href":"https:\/\/bisbalpenedes.com\/web\/wp-json\/wp\/v2\/types\/post"}],"author":[{"embeddable":true,"href":"https:\/\/bisbalpenedes.com\/web\/wp-json\/wp\/v2\/users\/4"}],"replies":[{"embeddable":true,"href":"https:\/\/bisbalpenedes.com\/web\/wp-json\/wp\/v2\/comments?post=16108"}],"version-history":[{"count":4,"href":"https:\/\/bisbalpenedes.com\/web\/wp-json\/wp\/v2\/posts\/16108\/revisions"}],"predecessor-version":[{"id":16112,"href":"https:\/\/bisbalpenedes.com\/web\/wp-json\/wp\/v2\/posts\/16108\/revisions\/16112"}],"wp:featuredmedia":[{"embeddable":true,"href":"https:\/\/bisbalpenedes.com\/web\/wp-json\/wp\/v2\/media\/14975"}],"wp:attachment":[{"href":"https:\/\/bisbalpenedes.com\/web\/wp-json\/wp\/v2\/media?parent=16108"}],"wp:term":[{"taxonomy":"category","embeddable":true,"href":"https:\/\/bisbalpenedes.com\/web\/wp-json\/wp\/v2\/categories?post=16108"},{"taxonomy":"post_tag","embeddable":true,"href":"https:\/\/bisbalpenedes.com\/web\/wp-json\/wp\/v2\/tags?post=16108"}],"curies":[{"name":"wp","href":"https:\/\/api.w.org\/{rel}","templated":true}]}}