{"id":16099,"date":"2021-01-15T08:36:18","date_gmt":"2021-01-15T06:36:18","guid":{"rendered":"http:\/\/bisbalpenedes.com\/web\/?p=16099"},"modified":"2021-01-15T08:36:18","modified_gmt":"2021-01-15T06:36:18","slug":"el-director-bisbalenc-toni-villazan-estrena-el-curtmetratge-en-las-redes-avui-divendres","status":"publish","type":"post","link":"https:\/\/bisbalpenedes.com\/web\/2021\/01\/15\/el-director-bisbalenc-toni-villazan-estrena-el-curtmetratge-en-las-redes-avui-divendres\/","title":{"rendered":"El director bisbalenc Toni Villaz\u00e1n estrena el curtmetratge \u201cEn las redes\u201d avui divendres"},"content":{"rendered":"<p><a href=\"http:\/\/bisbalpenedes.com\/web\/wp-content\/uploads\/2021\/01\/en-las-redes-curtmetratge.jpeg\"><img loading=\"lazy\" class=\"aligncenter size-large wp-image-16100\" src=\"http:\/\/bisbalpenedes.com\/web\/wp-content\/uploads\/2021\/01\/en-las-redes-curtmetratge-683x1024.jpeg\" alt=\"en las redes curtmetratge\" width=\"630\" height=\"945\" srcset=\"https:\/\/bisbalpenedes.com\/web\/wp-content\/uploads\/2021\/01\/en-las-redes-curtmetratge-683x1024.jpeg 683w, https:\/\/bisbalpenedes.com\/web\/wp-content\/uploads\/2021\/01\/en-las-redes-curtmetratge-200x300.jpeg 200w, https:\/\/bisbalpenedes.com\/web\/wp-content\/uploads\/2021\/01\/en-las-redes-curtmetratge-768x1152.jpeg 768w, https:\/\/bisbalpenedes.com\/web\/wp-content\/uploads\/2021\/01\/en-las-redes-curtmetratge.jpeg 1365w\" sizes=\"(max-width: 630px) 100vw, 630px\" \/><\/a><\/p>\n<p style=\"text-align: justify;\"><span style=\"color: #000000;\">Avui divendres 15 de gener, a les 20h, s\u2019estrena el curtmetratge \u201cEn las redes\u201d a<\/span> <a href=\"https:\/\/youtu.be\/MNioQ7FkQYc\">Youtube<\/a>. <span style=\"color: #000000;\">L\u2019audiovisual ha estat dirigit pel bisbalenc Toni Villaz\u00e1n i l\u2019ha produ\u00eft Zolen Films en col\u00b7laboraci\u00f3 amb la productora calafellenca Dalaina Studio i Mostaza709. El curt ha format part de la selecci\u00f3 oficial de diversos festivals internacionals, en pa\u00efsos com ara Par\u00eds, Nova York, M\u00f2naco, l\u2019\u00cdndia, Col\u00f2mbia i Portugal.<\/span><\/p>\n<p style=\"text-align: justify;\"><span style=\"color: #000000;\"><strong>SINOPSI<\/strong><\/span><\/p>\n<p style=\"text-align: justify;\"><span style=\"color: #000000;\">Tothom sap que la S\u00edlvia \u00e9s una mare entregada, per\u00f2 la malaltia rara del seu nad\u00f3 fa que es desbordi i que necessiti ajuda per atendre el seu fill gran, el Jan, aix\u00ed que el seu home, que habitualment treballa fora de casa, demana a la seva ve\u00efna L\u00eddia, una adolescent una mica desubicada, que ajudi la seva dona \u2013que est\u00e0 molt ocupada- en la seva abs\u00e8ncia. Diversos detalls en el comportament d\u2019aquesta fam\u00edlia fan que la L\u00eddia comenci a sospitar que alguna cosa estranya passa en aquella casa.<\/span><\/p>\n<p style=\"text-align: justify;\"><span style=\"color: #000000;\">En aquest enlla\u00e7 podeu sentir els actors parlant-ne:<\/span> <a href=\"https:\/\/fb.watch\/2-VzuWnxDc\/\">https:\/\/fb.watch\/2-VzuWnxDc\/<\/a><\/p>\n<hr \/>\n<p style=\"text-align: justify;\"><span style=\"color: #000000;\"><strong>CASTELLANO |<\/strong> Hoy viernes 15 de enero, a las 20h, se estrena el cortometraje \u201cEn las redes\u201d en<\/span> <a href=\"https:\/\/youtu.be\/MNioQ7FkQYc\">Youtube<\/a>. <span style=\"color: #000000;\">El audiovisual ha sido dirigido por el bisbalense Toni Villaz\u00e1n y lo ha producido Zolen Films en colaboraci\u00f3n con la productora de Calafell Dalaina Studio y Mostaza 709. El corto ha formado parte de la selecci\u00f3n oficial de varios festivales internacionales en pa\u00cdses como Par\u00eds, Nueva York, M\u00f3naco, la India, Colombia y Portugal.<\/span><\/p>\n<p style=\"text-align: justify;\"><span style=\"color: #000000;\"><strong>SINOPSIS<\/strong><\/span><\/p>\n<p style=\"text-align: justify;\"><span style=\"color: #000000;\">Todo el mundo sabe que Silvia es una madre entregada, pero la enfermedad rara de su beb\u00e9 hace que se desborde y necesite ayuda para atender a su hijo mayor, Jan, as\u00ed que su marido, que habitualmente trabaja fuera de casa, pide a su vecina LIdia, una adolescente algo desubicada, que ayude a su atareada mujer en su ausencia. Ciertos detalles en el comportamiento de esa familia hacen que LIdia empiece a sospechar que algo extra\u00f1o pasa en esa casa.<\/span><\/p>\n<p style=\"text-align: justify;\"><span style=\"color: #000000;\">En este enlace pod\u00e9is escuchar a los actores hablando del corto:\u00a0<\/span><a href=\"https:\/\/fb.watch\/2-VzuWnxDc\/\">https:\/\/fb.watch\/2-VzuWnxDc\/<\/a><\/p>\n","protected":false},"excerpt":{"rendered":"<p>Avui divendres 15 de gener, a les 20h, s\u2019estrena el curtmetratge \u201cEn las redes\u201d a Youtube. L\u2019audiovisual ha estat dirigit pel bisbalenc Toni Villaz\u00e1n i l\u2019ha produ\u00eft Zolen Films en &hellip; <a href=\"https:\/\/bisbalpenedes.com\/web\/2021\/01\/15\/el-director-bisbalenc-toni-villazan-estrena-el-curtmetratge-en-las-redes-avui-divendres\/\" class=\"more-link\">Read More<\/a><\/p>\n","protected":false},"author":4,"featured_media":16100,"comment_status":"closed","ping_status":"closed","sticky":false,"template":"","format":"standard","meta":[],"categories":[13,8],"tags":[4310,2367,4309,2366,2365],"_links":{"self":[{"href":"https:\/\/bisbalpenedes.com\/web\/wp-json\/wp\/v2\/posts\/16099"}],"collection":[{"href":"https:\/\/bisbalpenedes.com\/web\/wp-json\/wp\/v2\/posts"}],"about":[{"href":"https:\/\/bisbalpenedes.com\/web\/wp-json\/wp\/v2\/types\/post"}],"author":[{"embeddable":true,"href":"https:\/\/bisbalpenedes.com\/web\/wp-json\/wp\/v2\/users\/4"}],"replies":[{"embeddable":true,"href":"https:\/\/bisbalpenedes.com\/web\/wp-json\/wp\/v2\/comments?post=16099"}],"version-history":[{"count":1,"href":"https:\/\/bisbalpenedes.com\/web\/wp-json\/wp\/v2\/posts\/16099\/revisions"}],"predecessor-version":[{"id":16101,"href":"https:\/\/bisbalpenedes.com\/web\/wp-json\/wp\/v2\/posts\/16099\/revisions\/16101"}],"wp:featuredmedia":[{"embeddable":true,"href":"https:\/\/bisbalpenedes.com\/web\/wp-json\/wp\/v2\/media\/16100"}],"wp:attachment":[{"href":"https:\/\/bisbalpenedes.com\/web\/wp-json\/wp\/v2\/media?parent=16099"}],"wp:term":[{"taxonomy":"category","embeddable":true,"href":"https:\/\/bisbalpenedes.com\/web\/wp-json\/wp\/v2\/categories?post=16099"},{"taxonomy":"post_tag","embeddable":true,"href":"https:\/\/bisbalpenedes.com\/web\/wp-json\/wp\/v2\/tags?post=16099"}],"curies":[{"name":"wp","href":"https:\/\/api.w.org\/{rel}","templated":true}]}}