{"id":16095,"date":"2021-01-14T20:56:23","date_gmt":"2021-01-14T18:56:23","guid":{"rendered":"http:\/\/bisbalpenedes.com\/web\/?p=16095"},"modified":"2021-01-14T21:15:29","modified_gmt":"2021-01-14T19:15:29","slug":"ja-sha-resolt-lavaria-del-servei-de-subministrament-daigua-del-priorat-de-la-bisbal","status":"publish","type":"post","link":"https:\/\/bisbalpenedes.com\/web\/2021\/01\/14\/ja-sha-resolt-lavaria-del-servei-de-subministrament-daigua-del-priorat-de-la-bisbal\/","title":{"rendered":"Ja s\u2019ha resolt l\u2019avaria del servei de subministrament d\u2019aigua del Priorat de la Bisbal"},"content":{"rendered":"<p style=\"text-align: justify;\"><span style=\"color: #000000;\">El barri del Priorat de la Bisbal, concretament a la zona de l\u2019<em>extra<\/em>, va patir una avaria d\u2019aigua entre el diumenge 10 i el dimecres 13 de gener. Des d\u2019aquest dimecres 13 de gener, a la tarda, els ve\u00efns tornen a tenir subministrament.<\/span><\/p>\n<p style=\"text-align: justify;\"><span style=\"color: #000000;\">L\u2019empresa concession\u00e0ria del servei, Aqualia, va estar treballant en la resoluci\u00f3 de l\u2019avaria des de la seva detecci\u00f3 -traient els taps de cal\u00e7 que provocaven la manca d\u2019aigua- motiu pel qual, segons fonts Aqualia, els ve\u00efns no tenien aigua. El dimecres al migdia, l\u2019empresa va posar a disposici\u00f3 del ve\u00efnat un cami\u00f3 cisterna amb aigua de boca perqu\u00e8 els ve\u00efns poguessin anar a buscar aigua, mentre l\u2019empresa treballava per donar una soluci\u00f3 provisional al problema perqu\u00e8, aix\u00ed, els ve\u00efns i les ve\u00efnes de la zona poguessin tornar a tenir aigua la tarda del dimecres. L\u2019Ajuntament de la Bisbal del Pened\u00e8s va informar tots els usuaris, casa per casa, que podien anar a buscar aigua al cami\u00f3 cisterna. Alhora, se\u2019ls va explicar que, si tenien dificultats per anar a buscar aigua, l\u2019Ajuntament els hi proveiria a trav\u00e9s d\u2019un operari d\u2019Aqualia o del Servei d\u2019Informaci\u00f3 i Inspecci\u00f3 municipal. Tanmateix, la mateixa tarda els ve\u00efns van tornar a tenir servei.<\/span><\/p>\n<p style=\"text-align: justify;\"><a href=\"http:\/\/bisbalpenedes.com\/web\/wp-content\/uploads\/2021\/01\/aqualia-cuba.jpg\"><img loading=\"lazy\" class=\"aligncenter size-medium wp-image-16097\" src=\"http:\/\/bisbalpenedes.com\/web\/wp-content\/uploads\/2021\/01\/aqualia-cuba-300x225.jpg\" alt=\"aqualia cuba\" width=\"300\" height=\"225\" srcset=\"https:\/\/bisbalpenedes.com\/web\/wp-content\/uploads\/2021\/01\/aqualia-cuba-300x225.jpg 300w, https:\/\/bisbalpenedes.com\/web\/wp-content\/uploads\/2021\/01\/aqualia-cuba-768x575.jpg 768w, https:\/\/bisbalpenedes.com\/web\/wp-content\/uploads\/2021\/01\/aqualia-cuba.jpg 828w\" sizes=\"(max-width: 300px) 100vw, 300px\" \/><\/a><\/p>\n<p style=\"text-align: justify;\"><span style=\"color: #000000;\">L\u2019alcaldessa de la Bisbal del Pened\u00e8s, Agn\u00e8s Ferr\u00e9, ha explicat que \u201ctant la regidora del Servei d\u2019abastament d\u2019aigua com jo mateixa hem estat en contacte amb l\u2019empresa, els operaris i els ve\u00efns afectats des del passat diumenge i volem agrair a tot el ve\u00efnat el contacte permanent i la comprensi\u00f3 que ha mostrat aquests dies, tot i les dificultats i contratemps que la situaci\u00f3 els ha generat\u201d. Ferr\u00e9 ha avan\u00e7at que \u201cper tot plegat, aquest mes aprovarem per Junta de Govern un sistema que evita la incrustaci\u00f3 de la cal\u00e7 que porta l\u2019aigua a les canonades, un sistema que ja est\u00e0 funcionant als dip\u00f2sits de La Miralba i el Papagai. Aix\u00ed podrem reduir la problem\u00e0tica de la cal\u00e7, molt estesa a la zona pel fet que l\u2019aigua \u00e9s origin\u00e0ria de terrenys subterranis molt calcaris i aix\u00f2\u00a0 fa que, aquesta, tingui una elevada duresa. El tractament, que compta amb l\u2019informe sanitari vinculant favorable del Departament de Salut de la Generalitat de Catalunya, condiciona la cal\u00e7 de l\u2019aigua dissolta que arriba dels pous perqu\u00e8 no s\u2019adhereixi a la cal\u00e7 incrustada. D\u2019aquesta manera s\u2019estabilitzar\u00e0 la situaci\u00f3 actual i es treballar\u00e0 en la prevenci\u00f3 dels problemes futurs d\u2019obstrucci\u00f3 de canonades i tubs\u201d.<\/span><\/p>\n<hr \/>\n<p style=\"text-align: justify;\"><span style=\"color: #000000;\"><strong>CASTELLANO | <\/strong>El barrio del Priorat de la Bisbal, concretamente la zona de la <em>extra<\/em>, sufri\u00f3 una aver\u00eda de agua entre el domingo 10 y el mi\u00e9rcoles 13 de enero. Desde este mi\u00e9rcoles 13 de enero, por la tarde, los vecinos vuelven a tener suministro.\u00a0<\/span><\/p>\n<p style=\"text-align: justify;\"><span style=\"color: #000000;\">La empresa concesionaria del servicio, Aqualia, estuvo trabajando en la resoluci\u00f3n de la aver\u00eda desde su detecci\u00f3n \u2013 sacando los tapones de cal que provocaban la falta de agua \u2013 motivo por el cual, seg\u00fan fuentes de Aqualia, los vecinos no ten\u00edan agua. El mi\u00e9rcoles a mediod\u00eda, la empresa puso a disposici\u00f3n del vecindario un cami\u00f3n cisterna con agua de boca para que los vecinos pudiesen ir a buscar agua, mientras la empresa trabajaba para dar una soluci\u00f3n provisional al problema para que, as\u00ed, los vecinos pudiesen volver a tener agua el mi\u00e9rcoles por la tarde. El Ayuntamiento de la Bisbal del Pened\u00e8s inform\u00f3 a todos los usuarios, casa por casa, de que pod\u00edan ir a buscar agua al cami\u00f3n cisterna. Adem\u00e1s, se les explic\u00f3 que, si ten\u00edan dificultades para ir a buscar agua, el Ayuntamiento les proveer\u00eda agua a trav\u00e9s de un operario de Aqualia o del Servicio de Informaci\u00f3n e Inspecci\u00f3n Municipal. No obstante, la misma tarde los vecinos volvieron a tener servicio.<\/span><\/p>\n<p style=\"text-align: justify;\"><span style=\"color: #000000;\">La alcaldesa de la Bisbal del Pened\u00e8s, Agn\u00e8s Ferr\u00e9, ha explicado que \u201ctanto la concejala del Servicio de abastecimiento de agua como y misma hemos estado en contacto con la empresa, los operarios y los vecinos afectados desde el pasado domingo y queremos agradecer a todo el vecindario el contacto permanente y la comprensi\u00f3n que ha mostrado estos d\u00edas, aun con las dificultades y contratiempos que la situaci\u00f3n les ha generado\u201d. Ferr\u00e9 ha adelantado que \u201cpor todo ello, este mes aprobaremos por Junta de Gobierno un sistema que evita la incrustaci\u00f3n de cal que lleva el agua a las tuber\u00edas, un sistema que ya est\u00e1 funcionando en los dep\u00f3sitos de La Miralba y el Papagai. As\u00ed podremos reducir la problem\u00e1tica de la cal, muy extendida en la zona por el hecho de que el agua es originaria de terrenos subterr\u00e1neos muy calc\u00e1reos y esto hace que, esta tenga una elevada dureza. El tratamiento, que cuenta con el informe sanitario vinculante favorable del Departamento de Salud de la Generalitat de Catalunya, condiciona la cal del agua disuelta que llega a los pozos para que no se adhiera a la cal incrustada. De esta manera se estabilizar\u00e1 la situaci\u00f3n actual y, adem\u00e1s, se trabajar\u00e1 en la prevenci\u00f3n de los problemas futuros de obstrucci\u00f3n de tuber\u00edas y tubos\u201d.<\/span><\/p>\n","protected":false},"excerpt":{"rendered":"<p>El barri del Priorat de la Bisbal, concretament a la zona de l\u2019extra, va patir una avaria d\u2019aigua entre el diumenge 10 i el dimecres 13 de gener. Des d\u2019aquest &hellip; <a href=\"https:\/\/bisbalpenedes.com\/web\/2021\/01\/14\/ja-sha-resolt-lavaria-del-servei-de-subministrament-daigua-del-priorat-de-la-bisbal\/\" class=\"more-link\">Read More<\/a><\/p>\n","protected":false},"author":4,"featured_media":16097,"comment_status":"closed","ping_status":"closed","sticky":false,"template":"","format":"standard","meta":[],"categories":[8,3352],"tags":[161,649,1097,4308,520],"_links":{"self":[{"href":"https:\/\/bisbalpenedes.com\/web\/wp-json\/wp\/v2\/posts\/16095"}],"collection":[{"href":"https:\/\/bisbalpenedes.com\/web\/wp-json\/wp\/v2\/posts"}],"about":[{"href":"https:\/\/bisbalpenedes.com\/web\/wp-json\/wp\/v2\/types\/post"}],"author":[{"embeddable":true,"href":"https:\/\/bisbalpenedes.com\/web\/wp-json\/wp\/v2\/users\/4"}],"replies":[{"embeddable":true,"href":"https:\/\/bisbalpenedes.com\/web\/wp-json\/wp\/v2\/comments?post=16095"}],"version-history":[{"count":1,"href":"https:\/\/bisbalpenedes.com\/web\/wp-json\/wp\/v2\/posts\/16095\/revisions"}],"predecessor-version":[{"id":16098,"href":"https:\/\/bisbalpenedes.com\/web\/wp-json\/wp\/v2\/posts\/16095\/revisions\/16098"}],"wp:featuredmedia":[{"embeddable":true,"href":"https:\/\/bisbalpenedes.com\/web\/wp-json\/wp\/v2\/media\/16097"}],"wp:attachment":[{"href":"https:\/\/bisbalpenedes.com\/web\/wp-json\/wp\/v2\/media?parent=16095"}],"wp:term":[{"taxonomy":"category","embeddable":true,"href":"https:\/\/bisbalpenedes.com\/web\/wp-json\/wp\/v2\/categories?post=16095"},{"taxonomy":"post_tag","embeddable":true,"href":"https:\/\/bisbalpenedes.com\/web\/wp-json\/wp\/v2\/tags?post=16095"}],"curies":[{"name":"wp","href":"https:\/\/api.w.org\/{rel}","templated":true}]}}