{"id":16091,"date":"2021-01-13T15:54:57","date_gmt":"2021-01-13T13:54:57","guid":{"rendered":"http:\/\/bisbalpenedes.com\/web\/?p=16091"},"modified":"2021-01-13T15:54:57","modified_gmt":"2021-01-13T13:54:57","slug":"sha-convocat-un-ple-extraordinari-per-al-dilluns-18-de-gener-a-les-19h","status":"publish","type":"post","link":"https:\/\/bisbalpenedes.com\/web\/2021\/01\/13\/sha-convocat-un-ple-extraordinari-per-al-dilluns-18-de-gener-a-les-19h\/","title":{"rendered":"S\u2019ha convocat un Ple extraordinari per al dilluns 18 de gener a les 19h"},"content":{"rendered":"<p style=\"text-align: justify;\"><span style=\"color: #000000;\">El dilluns 18 de gener, a les 19h, tindr\u00e0 lloc un Ple extraordinari a l\u2019Ajuntament de la Bisbal del Pened\u00e8s amb un \u00fanic punt a l\u2019ordre del dia:<\/span><\/p>\n<p style=\"padding-left: 30px; text-align: justify;\"><span style=\"color: #000000;\">-Sorteig per designar els membres de les meses per a les eleccions al Parlament de Catalunya del 14 de febrer de 2021.<\/span><\/p>\n<p style=\"text-align: justify;\"><span style=\"color: #000000;\">(En cas que abans de dilluns s\u2019ajornin les eleccions, el Ple es desconvocaria).<\/span><\/p>\n<p style=\"text-align: justify;\"><span style=\"color: #000000;\"> El Ple se celebrar\u00e0 de forma presencial i a porta tancada per poder garantir totes les mesures de prevenci\u00f3 de contagis per la Covid-19. Posteriorment es podr\u00e0 veure l\u2019enregistrament a Youtube.<\/span><\/p>\n<hr \/>\n<p style=\"text-align: justify;\"><span style=\"color: #000000;\"><strong>CASTELLANO |<\/strong>\u00a0El lunes 18 de enero, a las 19h, tendr\u00e1 lugar un Pleno extraordinario en el Ayuntamiento de la Bisbal del Pened\u00e8s con un \u00fanico punto en el orden del d\u00eda:<\/span><\/p>\n<p style=\"padding-left: 30px; text-align: justify;\"><span style=\"color: #000000;\">-Sorteo para designar los miembros de las mesas para las elecciones al Parlamento de Catalunya del 14 de febrero de 2021.<\/span><\/p>\n<p style=\"text-align: justify;\"><span style=\"color: #000000;\">(En caso que antes del lunes se aplacen las elecciones, el Pleno se desconvocar\u00eda).<\/span><\/p>\n<p style=\"text-align: justify;\"><span style=\"color: #000000;\">El Pleno se celebrar\u00e1 de forma presencial y a puerta cerrada para poder garantizar todas las medidas de prevenci\u00f3n de contagios por la Covid-19. Posteriormente se podr\u00e1 ver la grabaci\u00f3n en Youtube.<\/span><\/p>\n<p>&nbsp;<\/p>\n<p>&nbsp;<\/p>\n","protected":false},"excerpt":{"rendered":"<p>El dilluns 18 de gener, a les 19h, tindr\u00e0 lloc un Ple extraordinari a l\u2019Ajuntament de la Bisbal del Pened\u00e8s amb un \u00fanic punt a l\u2019ordre del dia: -Sorteig per &hellip; <a href=\"https:\/\/bisbalpenedes.com\/web\/2021\/01\/13\/sha-convocat-un-ple-extraordinari-per-al-dilluns-18-de-gener-a-les-19h\/\" class=\"more-link\">Read More<\/a><\/p>\n","protected":false},"author":4,"featured_media":10917,"comment_status":"closed","ping_status":"closed","sticky":false,"template":"","format":"standard","meta":[],"categories":[8,2250],"tags":[383,4307,4306,139,423],"_links":{"self":[{"href":"https:\/\/bisbalpenedes.com\/web\/wp-json\/wp\/v2\/posts\/16091"}],"collection":[{"href":"https:\/\/bisbalpenedes.com\/web\/wp-json\/wp\/v2\/posts"}],"about":[{"href":"https:\/\/bisbalpenedes.com\/web\/wp-json\/wp\/v2\/types\/post"}],"author":[{"embeddable":true,"href":"https:\/\/bisbalpenedes.com\/web\/wp-json\/wp\/v2\/users\/4"}],"replies":[{"embeddable":true,"href":"https:\/\/bisbalpenedes.com\/web\/wp-json\/wp\/v2\/comments?post=16091"}],"version-history":[{"count":2,"href":"https:\/\/bisbalpenedes.com\/web\/wp-json\/wp\/v2\/posts\/16091\/revisions"}],"predecessor-version":[{"id":16093,"href":"https:\/\/bisbalpenedes.com\/web\/wp-json\/wp\/v2\/posts\/16091\/revisions\/16093"}],"wp:featuredmedia":[{"embeddable":true,"href":"https:\/\/bisbalpenedes.com\/web\/wp-json\/wp\/v2\/media\/10917"}],"wp:attachment":[{"href":"https:\/\/bisbalpenedes.com\/web\/wp-json\/wp\/v2\/media?parent=16091"}],"wp:term":[{"taxonomy":"category","embeddable":true,"href":"https:\/\/bisbalpenedes.com\/web\/wp-json\/wp\/v2\/categories?post=16091"},{"taxonomy":"post_tag","embeddable":true,"href":"https:\/\/bisbalpenedes.com\/web\/wp-json\/wp\/v2\/tags?post=16091"}],"curies":[{"name":"wp","href":"https:\/\/api.w.org\/{rel}","templated":true}]}}