{"id":16087,"date":"2021-01-12T10:31:41","date_gmt":"2021-01-12T08:31:41","guid":{"rendered":"http:\/\/bisbalpenedes.com\/web\/?p=16087"},"modified":"2021-01-12T10:31:41","modified_gmt":"2021-01-12T08:31:41","slug":"sha-aprovat-el-padro-fiscal-de-la-taxa-per-a-la-conservacio-del-cementiri-per-a-lany-2021","status":"publish","type":"post","link":"https:\/\/bisbalpenedes.com\/web\/2021\/01\/12\/sha-aprovat-el-padro-fiscal-de-la-taxa-per-a-la-conservacio-del-cementiri-per-a-lany-2021\/","title":{"rendered":"S\u2019ha aprovat el padr\u00f3 fiscal de la taxa per a la conservaci\u00f3 del Cementiri per a l\u2019any 2021"},"content":{"rendered":"<p style=\"text-align: justify;\"><span style=\"color: #000000;\">L\u2019Ajuntament de la Bisbal del Pened\u00e8s informa que la Junta de Govern de l\u201911 de gener de 2021 ha aprovat el padr\u00f3 fiscal de la taxa per a la conservaci\u00f3 del Cementiri, corresponent a l\u2019exercici 2021, per un import total de 7.267\u20ac.<\/span><\/p>\n<hr \/>\n<p style=\"text-align: justify;\"><span style=\"color: #000000;\"><strong>CASTELLANO |<\/strong> El Ayuntamiento de la Bisbal del Pened\u00e8s informa que la Junta de Gobierno del 11 de enero de 2021 ha aprobado el padr\u00f3n fiscal de la tasa para la conservaci\u00f3n del Cementerio, correspondiente al ejercicio 2021, por un importe de 7.267\u20ac.<\/span><\/p>\n","protected":false},"excerpt":{"rendered":"<p>L\u2019Ajuntament de la Bisbal del Pened\u00e8s informa que la Junta de Govern de l\u201911 de gener de 2021 ha aprovat el padr\u00f3 fiscal de la taxa per a la conservaci\u00f3 &hellip; <a href=\"https:\/\/bisbalpenedes.com\/web\/2021\/01\/12\/sha-aprovat-el-padro-fiscal-de-la-taxa-per-a-la-conservacio-del-cementiri-per-a-lany-2021\/\" class=\"more-link\">Read More<\/a><\/p>\n","protected":false},"author":4,"featured_media":8031,"comment_status":"closed","ping_status":"closed","sticky":false,"template":"","format":"standard","meta":[],"categories":[3085,8,14],"tags":[107,3457,3576],"_links":{"self":[{"href":"https:\/\/bisbalpenedes.com\/web\/wp-json\/wp\/v2\/posts\/16087"}],"collection":[{"href":"https:\/\/bisbalpenedes.com\/web\/wp-json\/wp\/v2\/posts"}],"about":[{"href":"https:\/\/bisbalpenedes.com\/web\/wp-json\/wp\/v2\/types\/post"}],"author":[{"embeddable":true,"href":"https:\/\/bisbalpenedes.com\/web\/wp-json\/wp\/v2\/users\/4"}],"replies":[{"embeddable":true,"href":"https:\/\/bisbalpenedes.com\/web\/wp-json\/wp\/v2\/comments?post=16087"}],"version-history":[{"count":1,"href":"https:\/\/bisbalpenedes.com\/web\/wp-json\/wp\/v2\/posts\/16087\/revisions"}],"predecessor-version":[{"id":16088,"href":"https:\/\/bisbalpenedes.com\/web\/wp-json\/wp\/v2\/posts\/16087\/revisions\/16088"}],"wp:featuredmedia":[{"embeddable":true,"href":"https:\/\/bisbalpenedes.com\/web\/wp-json\/wp\/v2\/media\/8031"}],"wp:attachment":[{"href":"https:\/\/bisbalpenedes.com\/web\/wp-json\/wp\/v2\/media?parent=16087"}],"wp:term":[{"taxonomy":"category","embeddable":true,"href":"https:\/\/bisbalpenedes.com\/web\/wp-json\/wp\/v2\/categories?post=16087"},{"taxonomy":"post_tag","embeddable":true,"href":"https:\/\/bisbalpenedes.com\/web\/wp-json\/wp\/v2\/tags?post=16087"}],"curies":[{"name":"wp","href":"https:\/\/api.w.org\/{rel}","templated":true}]}}