{"id":16083,"date":"2021-01-12T10:27:08","date_gmt":"2021-01-12T08:27:08","guid":{"rendered":"http:\/\/bisbalpenedes.com\/web\/?p=16083"},"modified":"2021-01-12T10:27:08","modified_gmt":"2021-01-12T08:27:08","slug":"ja-es-pot-sollicitar-la-bonificacio-de-libi-per-la-installacio-de-plaques-fotovoltaiques","status":"publish","type":"post","link":"https:\/\/bisbalpenedes.com\/web\/2021\/01\/12\/ja-es-pot-sollicitar-la-bonificacio-de-libi-per-la-installacio-de-plaques-fotovoltaiques\/","title":{"rendered":"Ja es pot sol\u00b7licitar la bonificaci\u00f3 de l\u2019IBI per la instal\u00b7laci\u00f3 de plaques fotovoltaiques"},"content":{"rendered":"<p style=\"text-align: justify;\"><span style=\"color: #000000;\">El passat 1 de gener de 2021 va entrar en vigor i, per tant, es pot sol\u00b7licitar la bonificaci\u00f3 de l\u2019IBI per la instal\u00b7laci\u00f3 de plaques fotovoltaiques, en concret:<\/span><\/p>\n<p style=\"padding-left: 30px; text-align: justify;\"><span style=\"color: #000000;\">-Del 50% de la quota \u00edntegra de l\u2019IBI, de naturalesa urbana o r\u00fastica, en els quals s\u2019hagin instal\u00b7lat sistemes per a l\u2019aprofitament t\u00e8rmic o el\u00e8ctric de l\u2019energia procedent del sol, destinats a un habitatge, tant unifamiliar com plurifamiliar.<\/span><\/p>\n<p style=\"padding-left: 30px; text-align: justify;\"><span style=\"color: #000000;\">-Del 30% de la quota \u00edntegra de l\u2019IBI, de naturalesa urbana o r\u00fastica, en els quals s\u2019hagin instal\u00b7lat sistemes per a l\u2019aprofitament t\u00e8rmic o el\u00e8ctric de l\u2019energia procedent del sol, destinats a altres usos.<\/span><\/p>\n<p style=\"text-align: justify;\"><span style=\"color: #000000;\">Aquestes bonificacions s\u2019aplicaran durant els tres anys seg\u00fcents a la sol\u00b7licitud de la bonificaci\u00f3.<\/span><\/p>\n<p style=\"text-align: justify;\"><span style=\"color: #000000;\"><u>Requisits i documentaci\u00f3 per sol\u00b7licitar la bonificaci\u00f3<\/u>:<\/span><\/p>\n<p style=\"padding-left: 30px; text-align: justify;\"><span style=\"color: #000000;\">-Comunicaci\u00f3 d\u2019obra a l\u2019Ajuntament, per la instal\u00b7laci\u00f3 de les plaques fotovoltaiques<\/span><\/p>\n<p style=\"padding-left: 30px; text-align: justify;\"><span style=\"color: #000000;\">-Que les instal\u00b7lacions per a la producci\u00f3 de calor incloguin col\u00b7lectors que disposin de la corresponent homologaci\u00f3 per l\u2019Administraci\u00f3 competent<\/span><\/p>\n<p style=\"padding-left: 30px; text-align: justify;\"><span style=\"color: #000000;\">-La bonificaci\u00f3 haur\u00e0 de ser sol\u00b7licitada per l\u2019interessat en el termini dels tres mesos posteriors a la instal\u00b7laci\u00f3 dels sistemes, aportant la comunicaci\u00f3 de les obres i el certificat final, aix\u00ed com les especificacions t\u00e8cniques de la instal\u00b7laci\u00f3 per a l\u2019aprofitament de l\u2019energia solar t\u00e8rmica o el\u00e8ctrica i l\u2019homologaci\u00f3 de les instal\u00b7lacions.<\/span><\/p>\n<p style=\"text-align: justify;\"><span style=\"color: #000000;\"><u>Casos exclosos de les bonificacions<\/u>:<\/span><\/p>\n<p style=\"padding-left: 30px; text-align: justify;\"><span style=\"color: #000000;\">-Quan la instal\u00b7laci\u00f3 dels sistemes per a l\u2019aprofitament t\u00e8rmic o el\u00e8ctric de l\u2019energia procedent del sol sigui obligat\u00f2ria d\u2019acord amb la normativa espec\u00edfica<\/span><\/p>\n<p style=\"padding-left: 30px; text-align: justify;\"><span style=\"color: #000000;\">-Les parcel\u00b7les qualificades com a industrials<\/span><\/p>\n<p style=\"text-align: justify;\"><span style=\"color: #000000;\">Per a m\u00e9s informaci\u00f3 podeu accedir a l\u2019enlla\u00e7: <a style=\"color: #000000;\" href=\"https:\/\/www.diputaciodetarragona.cat\/ebop\/index.php?op=dwn&amp;tipus=i&amp;data=20201231&amp;anyp=2020&amp;num=10147&amp;v=i\">https:\/\/www.diputaciodetarragona.cat\/ebop\/index.php?op=dwn&amp;tipus=i&amp;data=20201231&amp;anyp=2020&amp;num=10147&amp;v=i<\/a><\/span><\/p>\n<hr \/>\n<p style=\"text-align: justify;\"><span style=\"color: #000000;\"><strong>CASTELLANO | <\/strong>El pasado 1 de enero de 2021 entr\u00f3 en vigor y, por tanto, se puede solicitar la bonificaci\u00f3n del IBI por la instalaci\u00f3n de placas fotovoltaicas, en concreto:<\/span><\/p>\n<p style=\"padding-left: 30px; text-align: justify;\"><span style=\"color: #000000;\">-Del 50% de la cota \u00edntegra del IBI, de naturaleza urbana o r\u00fastica, en los cuales se hayan instalado sistemas para el aprovechamiento t\u00e9rmico o el\u00e9ctrico de la energ\u00eda procedente del sol, destinados a una vivienda, tanto unifamiliar como plurifamiliar.<\/span><\/p>\n<p style=\"padding-left: 30px; text-align: justify;\"><span style=\"color: #000000;\">-Del 30% de la cuota \u00edntegra del IBI, de naturaleza urbana o r\u00fastica, en los cuales se hayan instalado sistemas para el aprovechamiento t\u00e9rmico o el\u00e9ctrico de la energ\u00eda procedente del sol, destinados a otros usos.<\/span><\/p>\n<p style=\"text-align: justify;\"><span style=\"color: #000000;\">Estas bonificaciones se aplicar\u00e1n durante los tres a\u00f1os siguientes a la solicitud de la bonificaci\u00f3n.<\/span><\/p>\n<p style=\"text-align: justify;\"><span style=\"color: #000000;\"><u>Requisitos y documentaci\u00f3n para solicitar la bonificaci\u00f3n:<\/u><\/span><\/p>\n<p style=\"padding-left: 30px; text-align: justify;\"><span style=\"color: #000000;\">-Comunicaci\u00f3n de obra del Ayuntamiento, para la instalaci\u00f3n de las placas fotovoltaicas.<\/span><\/p>\n<p style=\"padding-left: 30px; text-align: justify;\"><span style=\"color: #000000;\">-Que las instalaciones para la producci\u00f3n de calor incluyan colectores que dispongan de la correspondiente homologaci\u00f3n por la Administraci\u00f3n competente.<\/span><\/p>\n<p style=\"padding-left: 30px; text-align: justify;\"><span style=\"color: #000000;\">-La bonificaci\u00f3n tendr\u00e1 que ser solicitada por el interesado en el plazo de los tres meses posteriores a la instalaci\u00f3n de los sistemas, aportando la comunicaci\u00f3n de las obras y el certificado final, as\u00ed como las especificaciones t\u00e9cnicas de la instalaci\u00f3n para el aprovechamiento de la energ\u00eda solar t\u00e9rmica o el\u00e9ctrica y la homologaci\u00f3n de las instalaciones.<\/span><\/p>\n<p style=\"text-align: justify;\"><span style=\"text-decoration: underline; color: #000000;\">Casos excluidos de las bonificaciones:<\/span><\/p>\n<p style=\"padding-left: 30px; text-align: justify;\"><span style=\"color: #000000;\">-En cuanto a la instalaci\u00f3n de los sistemas para el aprovechamiento t\u00e9rmico o el\u00e9ctrico de la energ\u00eda procedente del sol sea obligatoria de acuerdo con la normativa espec\u00edfica.<\/span><\/p>\n<p style=\"padding-left: 30px; text-align: justify;\"><span style=\"color: #000000;\">-Las parcelas cualificadas como Industriales.<\/span><\/p>\n<p style=\"text-align: justify;\"><span style=\"color: #000000;\">Para m\u00e1s informaci\u00f3n pod\u00e9is acceder al enlace: <a style=\"color: #000000;\" href=\"https:\/\/www.diputaciodetarragona.cat\/ebop\/index.php?op=dwn&amp;tipus=i&amp;data=20201231&amp;anyp=2020&amp;num=10147&amp;v=i\">https:\/\/www.diputaciodetarragona.cat\/ebop\/index.php?op=dwn&amp;tipus=i&amp;data=20201231&amp;anyp=2020&amp;num=10147&amp;v=i<\/a><\/span><\/p>\n","protected":false},"excerpt":{"rendered":"<p>El passat 1 de gener de 2021 va entrar en vigor i, per tant, es pot sol\u00b7licitar la bonificaci\u00f3 de l\u2019IBI per la instal\u00b7laci\u00f3 de plaques fotovoltaiques, en concret: -Del &hellip; <a href=\"https:\/\/bisbalpenedes.com\/web\/2021\/01\/12\/ja-es-pot-sollicitar-la-bonificacio-de-libi-per-la-installacio-de-plaques-fotovoltaiques\/\" class=\"more-link\">Read More<\/a><\/p>\n","protected":false},"author":4,"featured_media":12172,"comment_status":"closed","ping_status":"closed","sticky":false,"template":"","format":"standard","meta":[],"categories":[8],"tags":[4305,978,4146],"_links":{"self":[{"href":"https:\/\/bisbalpenedes.com\/web\/wp-json\/wp\/v2\/posts\/16083"}],"collection":[{"href":"https:\/\/bisbalpenedes.com\/web\/wp-json\/wp\/v2\/posts"}],"about":[{"href":"https:\/\/bisbalpenedes.com\/web\/wp-json\/wp\/v2\/types\/post"}],"author":[{"embeddable":true,"href":"https:\/\/bisbalpenedes.com\/web\/wp-json\/wp\/v2\/users\/4"}],"replies":[{"embeddable":true,"href":"https:\/\/bisbalpenedes.com\/web\/wp-json\/wp\/v2\/comments?post=16083"}],"version-history":[{"count":1,"href":"https:\/\/bisbalpenedes.com\/web\/wp-json\/wp\/v2\/posts\/16083\/revisions"}],"predecessor-version":[{"id":16084,"href":"https:\/\/bisbalpenedes.com\/web\/wp-json\/wp\/v2\/posts\/16083\/revisions\/16084"}],"wp:featuredmedia":[{"embeddable":true,"href":"https:\/\/bisbalpenedes.com\/web\/wp-json\/wp\/v2\/media\/12172"}],"wp:attachment":[{"href":"https:\/\/bisbalpenedes.com\/web\/wp-json\/wp\/v2\/media?parent=16083"}],"wp:term":[{"taxonomy":"category","embeddable":true,"href":"https:\/\/bisbalpenedes.com\/web\/wp-json\/wp\/v2\/categories?post=16083"},{"taxonomy":"post_tag","embeddable":true,"href":"https:\/\/bisbalpenedes.com\/web\/wp-json\/wp\/v2\/tags?post=16083"}],"curies":[{"name":"wp","href":"https:\/\/api.w.org\/{rel}","templated":true}]}}