{"id":16076,"date":"2021-01-12T10:22:36","date_gmt":"2021-01-12T08:22:36","guid":{"rendered":"http:\/\/bisbalpenedes.com\/web\/?p=16076"},"modified":"2021-01-12T10:22:36","modified_gmt":"2021-01-12T08:22:36","slug":"lalcaldessa-agnes-ferre-i-la-regidora-de-cultura-judith-vidal-shan-reunit-amb-la-colla-castellera-de-la-bisbal-del-penedes-bous","status":"publish","type":"post","link":"https:\/\/bisbalpenedes.com\/web\/2021\/01\/12\/lalcaldessa-agnes-ferre-i-la-regidora-de-cultura-judith-vidal-shan-reunit-amb-la-colla-castellera-de-la-bisbal-del-penedes-bous\/","title":{"rendered":"L\u2019alcaldessa Agn\u00e8s Ferr\u00e9 i la regidora de Cultura -Judith Vidal- s\u2019han reunit amb la Colla Castellera de la Bisbal del Pened\u00e8s (Bous)"},"content":{"rendered":"<p><a href=\"http:\/\/bisbalpenedes.com\/web\/2021\/01\/12\/lalcaldessa-agnes-ferre-i-la-regidora-de-cultura-judith-vidal-shan-reunit-amb-la-colla-castellera-de-la-bisbal-del-penedes-bous\/dsc05087\/\" rel=\"attachment wp-att-16080\"><img loading=\"lazy\" class=\"aligncenter size-full wp-image-16080\" src=\"http:\/\/bisbalpenedes.com\/web\/wp-content\/uploads\/2021\/01\/DSC05087.jpg\" alt=\"reunio colla castellera la bisbal del penedes\" width=\"3456\" height=\"2592\" \/><\/a><\/p>\n<p style=\"text-align: justify;\"><span style=\"color: #000000;\">Aquest dilluns 11 de gener l\u2019alcaldessa de la Bisbal del Pened\u00e8s, Agn\u00e8s Ferr\u00e9, i la regidora de Cultura, Judith Vidal, s\u2019han reunit amb el president de la Colla Castellera de la Bisbal del Pened\u00e8s (Bous), Salvador Ferr\u00e9, i el vicepresident de l\u2019entitat, Josep Anton Ramon.<\/span><\/p>\n<p style=\"text-align: justify;\"><span style=\"color: #000000;\">Durant la reuni\u00f3, la colla ha explicat que aviat far\u00e0 un any que, a causa de la pand\u00e8mia, s\u2019han vist obligats a aturar els assajos i tota l\u2019activitat i que, aix\u00f2, els preocupa. Quant al conveni amb la colla, es deixar\u00e0 uns mesos sobre la taula, per aplicar-lo -si s\u2019escau- en funci\u00f3 de com evolucioni la situaci\u00f3.<\/span><br \/>\n<span style=\"color: #000000;\"> La reuni\u00f3 tamb\u00e9 ha servit perqu\u00e8 les representants municipals expliquessin a la colla el procediment de l\u2019enderroc de la fassina, que comen\u00e7ar\u00e0 al febrer, i el posterior projecte de rehabilitaci\u00f3 de la torre, aix\u00ed com la construcci\u00f3 d\u2019espais per a la brigada municipal en la part de la fassina que ara s\u2019enderrocar\u00e0.<\/span><\/p>\n<p style=\"text-align: justify;\"><span style=\"color: #000000;\">El president i vicepresident encara no havien pogut venir a l\u2019Ajuntament de forma oficial per presentar-se, ja que van prendre possessi\u00f3 dels c\u00e0rrecs unes setmanes abans que es decret\u00e9s l\u2019Estat d\u2019Alarma.<\/span><\/p>\n<hr \/>\n<p style=\"text-align: justify;\"><span style=\"color: #000000;\"><strong>CASTELLANO |<\/strong> Este lunes 11 de enero la alcaldesa de la Bisbal del Pened\u00e8s, Agn\u00e8s Ferr\u00e9, y la concejala de Cultura, Judith Vidal, se han reunido con el presidente de la Colla Castellera de la Bisbal del Pened\u00e8s (Bous), Salvador Ferr\u00e9, y el vicepresidente de la entidad, Josep Anton Ramon.<\/span><\/p>\n<p style=\"text-align: justify;\"><span style=\"color: #000000;\">Durante la reuni\u00f3n, la colla ha explicado que pronto har\u00e1 un a\u00f1o que, a causa de la pandemia, que han visto obligados a parar los ensayos y toda la actividad y que, esto, les preocupa. En cuanto al convenio con la<em> colla<\/em>, se dejar\u00e1 unos meses sobre la mesa, para aplicarlo -si procede- en funci\u00f3n de c\u00f3mo evolucione la situaci\u00f3n.<\/span><\/p>\n<p style=\"text-align: justify;\"><span style=\"color: #000000;\">La reuni\u00f3n tambi\u00e9n ha servido para que las representantes municipales explicasen a la colla el procedimiento del derribo de la <em>fassina<\/em>, que empezar\u00e1 en febrero, y el posterior proyecto de rehabilitaci\u00f3n de la torre, as\u00ed como la construcci\u00f3n de espacios para la brigada municipal en la parte de la <em>fassina<\/em> que ahora se derribar\u00e1.<\/span><\/p>\n<p style=\"text-align: justify;\"><span style=\"color: #000000;\">El presidente y vicepresidente todav\u00eda no hab\u00edan podido venir al Ayuntamiento d<\/span>e forma oficial para presentarse, ya que tomaron posesi\u00f3n de los cargos unas semanas antes de que se decretase el Estado de Alarma.<\/p>\n<p>&nbsp;<\/p>\n","protected":false},"excerpt":{"rendered":"<p>Aquest dilluns 11 de gener l\u2019alcaldessa de la Bisbal del Pened\u00e8s, Agn\u00e8s Ferr\u00e9, i la regidora de Cultura, Judith Vidal, s\u2019han reunit amb el president de la Colla Castellera de &hellip; <a href=\"https:\/\/bisbalpenedes.com\/web\/2021\/01\/12\/lalcaldessa-agnes-ferre-i-la-regidora-de-cultura-judith-vidal-shan-reunit-amb-la-colla-castellera-de-la-bisbal-del-penedes-bous\/\" class=\"more-link\">Read More<\/a><\/p>\n","protected":false},"author":4,"featured_media":16080,"comment_status":"closed","ping_status":"closed","sticky":false,"template":"","format":"standard","meta":[],"categories":[8],"tags":[378,4302,4304,3504,4303],"_links":{"self":[{"href":"https:\/\/bisbalpenedes.com\/web\/wp-json\/wp\/v2\/posts\/16076"}],"collection":[{"href":"https:\/\/bisbalpenedes.com\/web\/wp-json\/wp\/v2\/posts"}],"about":[{"href":"https:\/\/bisbalpenedes.com\/web\/wp-json\/wp\/v2\/types\/post"}],"author":[{"embeddable":true,"href":"https:\/\/bisbalpenedes.com\/web\/wp-json\/wp\/v2\/users\/4"}],"replies":[{"embeddable":true,"href":"https:\/\/bisbalpenedes.com\/web\/wp-json\/wp\/v2\/comments?post=16076"}],"version-history":[{"count":3,"href":"https:\/\/bisbalpenedes.com\/web\/wp-json\/wp\/v2\/posts\/16076\/revisions"}],"predecessor-version":[{"id":16082,"href":"https:\/\/bisbalpenedes.com\/web\/wp-json\/wp\/v2\/posts\/16076\/revisions\/16082"}],"wp:featuredmedia":[{"embeddable":true,"href":"https:\/\/bisbalpenedes.com\/web\/wp-json\/wp\/v2\/media\/16080"}],"wp:attachment":[{"href":"https:\/\/bisbalpenedes.com\/web\/wp-json\/wp\/v2\/media?parent=16076"}],"wp:term":[{"taxonomy":"category","embeddable":true,"href":"https:\/\/bisbalpenedes.com\/web\/wp-json\/wp\/v2\/categories?post=16076"},{"taxonomy":"post_tag","embeddable":true,"href":"https:\/\/bisbalpenedes.com\/web\/wp-json\/wp\/v2\/tags?post=16076"}],"curies":[{"name":"wp","href":"https:\/\/api.w.org\/{rel}","templated":true}]}}