{"id":16073,"date":"2021-01-12T10:08:40","date_gmt":"2021-01-12T08:08:40","guid":{"rendered":"http:\/\/bisbalpenedes.com\/web\/?p=16073"},"modified":"2021-01-12T10:08:40","modified_gmt":"2021-01-12T08:08:40","slug":"el-cmc-acollira-la-projeccio-de-uno-para-todos-del-cicle-gaudi-el-dissabte-16-de-gener-a-les-18h","status":"publish","type":"post","link":"https:\/\/bisbalpenedes.com\/web\/2021\/01\/12\/el-cmc-acollira-la-projeccio-de-uno-para-todos-del-cicle-gaudi-el-dissabte-16-de-gener-a-les-18h\/","title":{"rendered":"El CMC acollir\u00e0 la projecci\u00f3 de \u2018Uno para todos\u2019 del Cicle Gaud\u00ed el dissabte 16 de gener a les 18h"},"content":{"rendered":"<p><iframe loading=\"lazy\" src=\"https:\/\/www.youtube.com\/embed\/2GfbL07bISA\" width=\"560\" height=\"315\" frameborder=\"0\" allowfullscreen=\"allowfullscreen\"><\/iframe><\/p>\n<p style=\"text-align: justify;\"><span style=\"color: #000000;\">El dissabte 16 de gener, a les 18h, projectarem la pel\u00b7l\u00edcula \u2018Uno para todos\u2019 del Cicle Gaud\u00ed.<\/span><\/p>\n<p style=\"text-align: justify;\"><span style=\"color: #000000;\">Les taquilles s\u2019obriran 30 minuts abans amb l\u2019objectiu de tenir un control dels assistents i poder-los ubicar respectant totes les mesures de seguretat per la Covid-19. L\u2019aforament ser\u00e0 limitat.<\/span><\/p>\n<p style=\"text-align: justify;\"><span style=\"color: #000000;\">El preu general de l\u2019entrada \u00e9s de 4,5\u20ac i s\u2019ofereix un preu redu\u00eft de 3\u20ac presentant el carnet de la Biblioteca Municipal de La Bisbal.<\/span><\/p>\n<p style=\"text-align: justify;\"><span style=\"color: #000000;\">Quant a la recaptaci\u00f3, aquesta es destinar\u00e0 a l\u2019entitat del poble que s\u2019encarregui de gestionar la taquilla.<\/span><\/p>\n<p style=\"text-align: justify;\"><span style=\"color: #000000;\"><strong>FITXA T\u00c8CNICA<\/strong><\/span><\/p>\n<p style=\"text-align: justify;\"><span style=\"color: #000000;\">Direcci\u00f3: David Ilundain<\/span><\/p>\n<p style=\"text-align: justify;\"><span style=\"color: #000000;\">Gui\u00f3: Coral Cruz, Valentina Viso<\/span><\/p>\n<p style=\"text-align: justify;\"><span style=\"color: #000000;\">M\u00fasica: Zeltia Montes<\/span><\/p>\n<p style=\"text-align: justify;\"><span style=\"color: #000000;\">Fotografia: Bet Rourich<\/span><\/p>\n<p style=\"text-align: justify;\"><span style=\"color: #000000;\">Estrena: Setembre de 2020<\/span><\/p>\n<p style=\"text-align: justify;\"><span style=\"color: #000000;\">Durada: 90 min<\/span><\/p>\n<p style=\"text-align: justify;\"><span style=\"color: #000000;\">G\u00e8nere: Drama<\/span><\/p>\n<p style=\"text-align: justify;\"><span style=\"color: #000000;\">Int\u00e8rprets: David Verdaguer, Patricia L\u00f3pez Arnaiz, Clara Segura, Ana Labordeta, N\u00e9stor Romero, Vega Vall\u00e9s.<\/span><\/p>\n<p style=\"text-align: justify;\"><span style=\"color: #000000;\"><strong>SINOPSI<\/strong><\/span><\/p>\n<p style=\"text-align: justify;\"><span style=\"color: #000000;\">Un professor inter\u00ed assumeix la tasca de ser el tutor d\u2019una classe de sis\u00e8 de prim\u00e0ria en un poble completament desconegut per a ell.<\/span><\/p>\n<p style=\"text-align: justify;\"><span style=\"color: #000000;\">Quan descobreix que ha de reintegrar a un alumne malalt a l\u2019aula, es troba amb un problema inesperat: gaireb\u00e9 cap dels seus companys i companyes volen que torni a classe.<\/span><\/p>\n<p style=\"text-align: justify;\">\n<hr \/>\n<p style=\"text-align: justify;\"><span style=\"color: #000000;\"><strong>CASTELLANO<\/strong><\/span><\/p>\n<p style=\"text-align: justify;\"><span style=\"color: #000000;\">El s\u00e1bado 16 de enero, a las 18h, proyectaremos la pel\u00edcula \u2018Uno para todos\u2019 del Cicle Gaud\u00ed.<\/span><\/p>\n<p style=\"text-align: justify;\"><span style=\"color: #000000;\">Las taquillas se abrir\u00e1n 30 minutos antes con el objetivo de tener un control de los asistentes y poderlos ubicar respetando todas las medidas de seguridad por la Covid-19. El aforo ser\u00e1 limitado.<\/span><\/p>\n<p style=\"text-align: justify;\"><span style=\"color: #000000;\">El precio general de la entrada es de 4,5\u20ac y se ofrece un precio reducido de 3\u20ac presentando el carn\u00e9 de la Biblioteca Municipal de La Bisbal.<\/span><\/p>\n<p style=\"text-align: justify;\"><span style=\"color: #000000;\">En cuanto a la recaudaci\u00f3n, esta se destinar\u00e1 a la entidad del pueblo que se encargue de gestionar la taquilla.<\/span><\/p>\n<p style=\"text-align: justify;\"><span style=\"color: #000000;\"><strong>FICHA T\u00c9CNICA:<\/strong><\/span><\/p>\n<p style=\"text-align: justify;\"><span style=\"color: #000000;\">Direcci\u00f3n: David Ilundain<\/span><\/p>\n<p style=\"text-align: justify;\"><span style=\"color: #000000;\">Gui\u00f3n: Coral Cruz, Valentina Viso<\/span><\/p>\n<p style=\"text-align: justify;\"><span style=\"color: #000000;\">M\u00fasica: Zeltia Montes<\/span><\/p>\n<p style=\"text-align: justify;\"><span style=\"color: #000000;\">Fotograf\u00eda: Bet Rourich<\/span><\/p>\n<p style=\"text-align: justify;\"><span style=\"color: #000000;\">Estreno: Septiembre de 2020<\/span><\/p>\n<p style=\"text-align: justify;\"><span style=\"color: #000000;\">Duraci\u00f3n: 90 min<\/span><\/p>\n<p style=\"text-align: justify;\"><span style=\"color: #000000;\">G\u00e9nero: Drama<\/span><\/p>\n<p style=\"text-align: justify;\"><span style=\"color: #000000;\">Int\u00e9rpretes: David Verdaguer, Patricia L\u00f3pez Arnaiz, Clara Segura, Ana Labordeta, N\u00e9stor Romero, Vega Vall\u00e9s.<\/span><\/p>\n<p style=\"text-align: justify;\"><span style=\"color: #000000;\"><strong>SINOPSIS<\/strong><\/span><\/p>\n<p style=\"text-align: justify;\"><span style=\"color: #000000;\">Un profesor interino asume la tarea de ser el tutor de una clase de sexto de primaria de un pueblo completamente desconocido para \u00e9l.<\/span><\/p>\n<p style=\"text-align: justify;\"><span style=\"color: #000000;\">Cuando descubre que debe reintegrar a un alumno enfermo al aula, se encuentra con un problema inesperado: casi ninguno de sus compa\u00f1eros y compa\u00f1eras quiere que vuelva a clase.<\/span><\/p>\n","protected":false},"excerpt":{"rendered":"<p>El dissabte 16 de gener, a les 18h, projectarem la pel\u00b7l\u00edcula \u2018Uno para todos\u2019 del Cicle Gaud\u00ed. Les taquilles s\u2019obriran 30 minuts abans amb l\u2019objectiu de tenir un control dels &hellip; <a href=\"https:\/\/bisbalpenedes.com\/web\/2021\/01\/12\/el-cmc-acollira-la-projeccio-de-uno-para-todos-del-cicle-gaudi-el-dissabte-16-de-gener-a-les-18h\/\" class=\"more-link\">Read More<\/a><\/p>\n","protected":false},"author":4,"featured_media":16074,"comment_status":"closed","ping_status":"closed","sticky":false,"template":"","format":"standard","meta":[],"categories":[2942,13,8],"tags":[308,307,225,771,4301],"_links":{"self":[{"href":"https:\/\/bisbalpenedes.com\/web\/wp-json\/wp\/v2\/posts\/16073"}],"collection":[{"href":"https:\/\/bisbalpenedes.com\/web\/wp-json\/wp\/v2\/posts"}],"about":[{"href":"https:\/\/bisbalpenedes.com\/web\/wp-json\/wp\/v2\/types\/post"}],"author":[{"embeddable":true,"href":"https:\/\/bisbalpenedes.com\/web\/wp-json\/wp\/v2\/users\/4"}],"replies":[{"embeddable":true,"href":"https:\/\/bisbalpenedes.com\/web\/wp-json\/wp\/v2\/comments?post=16073"}],"version-history":[{"count":1,"href":"https:\/\/bisbalpenedes.com\/web\/wp-json\/wp\/v2\/posts\/16073\/revisions"}],"predecessor-version":[{"id":16075,"href":"https:\/\/bisbalpenedes.com\/web\/wp-json\/wp\/v2\/posts\/16073\/revisions\/16075"}],"wp:featuredmedia":[{"embeddable":true,"href":"https:\/\/bisbalpenedes.com\/web\/wp-json\/wp\/v2\/media\/16074"}],"wp:attachment":[{"href":"https:\/\/bisbalpenedes.com\/web\/wp-json\/wp\/v2\/media?parent=16073"}],"wp:term":[{"taxonomy":"category","embeddable":true,"href":"https:\/\/bisbalpenedes.com\/web\/wp-json\/wp\/v2\/categories?post=16073"},{"taxonomy":"post_tag","embeddable":true,"href":"https:\/\/bisbalpenedes.com\/web\/wp-json\/wp\/v2\/tags?post=16073"}],"curies":[{"name":"wp","href":"https:\/\/api.w.org\/{rel}","templated":true}]}}