{"id":16069,"date":"2021-01-12T09:57:55","date_gmt":"2021-01-12T07:57:55","guid":{"rendered":"http:\/\/bisbalpenedes.com\/web\/?p=16069"},"modified":"2021-01-12T10:38:13","modified_gmt":"2021-01-12T08:38:13","slug":"punt-de-lordre-del-dia-de-la-junta-de-govern-local-del-110121-amb-competencies-delegades-del-ple","status":"publish","type":"post","link":"https:\/\/bisbalpenedes.com\/web\/2021\/01\/12\/punt-de-lordre-del-dia-de-la-junta-de-govern-local-del-110121-amb-competencies-delegades-del-ple\/","title":{"rendered":"Punt de l&#8217;Ordre del dia de la Junta de Govern local de l&#8217;11\/01\/21 amb compet\u00e8ncies delegades del Ple"},"content":{"rendered":"<p style=\"text-align: center;\"><iframe loading=\"lazy\" src=\"https:\/\/www.youtube.com\/embed\/PiqDxlErRdw\" width=\"560\" height=\"315\" frameborder=\"0\" allowfullscreen=\"allowfullscreen\"><\/iframe><\/p>\n<p class=\"p1\" style=\"text-align: justify;\"><span style=\"color: #000000;\">La Junta de Govern del dilluns 11 de gener inclo\u00efa -i va aprovar- un punt amb Compet\u00e8ncies Delegades del Ple:<\/span><\/p>\n<p class=\"p1\" style=\"padding-left: 30px; text-align: justify;\"><span style=\"color: #000000;\">-Recurs de reposici\u00f3 contra l\u2019acord de la Junta de Govern Local d\u2019adjudicaci\u00f3 del subministrament, instal\u00b7laci\u00f3 i manteniment de c\u00e0meres lectores de matr\u00edcules.<\/span><\/p>\n<p class=\"p1\" style=\"text-align: justify;\"><span style=\"color: #000000;\">Les sessions de la Junta de Govern Local no s\u00f3n p\u00fabliques per\u00f2 quan s\u2019actua amb compet\u00e8ncies delegades del Ple, la sessi\u00f3 se sotmet als mateixos requisits de publicitat que les sessions del Ple, que s\u00ed que s\u00f3n p\u00fabliques. Aix\u00ed ho va declarar la STS 161\/2013, de 26 de setembre. Tenint en compte les mesures preses per evitar la propagaci\u00f3 de la COVID-19, aquests punts de l\u2019ordre del dia de la Junta de Govern Local no s&#8217;han votat amb p\u00fablic, sin\u00f3 que s&#8217;han gravat en v\u00eddeo i ara el publiquem per poder garantir aix\u00ed la seva publicitat. Per tot plegat, els regidors i regidores de l\u2019oposici\u00f3 -que no forme part de la Junta de Govern local- van rebre la informaci\u00f3 sobre la proposta a la seva b\u00fastia de correu electr\u00f2nic la setmana passada.\u00a0<\/span><\/p>\n<p class=\"p1\" style=\"text-align: justify;\">M\u00e9s informaci\u00f3:\u00a0<a href=\"http:\/\/bit.ly\/2Xx4e6v\" target=\"_blank\">http:\/\/bit.ly\/2Xx4e6v<\/a><\/p>\n<hr \/>\n<p class=\"p1\" style=\"text-align: justify;\"><span style=\"color: #000000;\"><b>CASTELLANO |<\/b> La Junta de Gobierno del lunes 11 de enero inclu\u00eda -y aprob\u00f3- un punto con Competencias Delegadas del Pleno:<\/span><\/p>\n<p class=\"p1\" style=\"padding-left: 30px; text-align: justify;\"><span style=\"color: #000000;\">-Recurso de reposici\u00f3n contra el acuerdo de la Junta de Gobierno Local de adjudicaci\u00f3n del suministro, instalaci\u00f3n y mantenimiento de c\u00e1maras lectoras de matr\u00edculas.<\/span><\/p>\n<p class=\"p1\" style=\"text-align: justify;\"><span style=\"color: #000000;\">Las sesiones de la Junta de Gobierno Local no son p\u00fablicas, pero cuando se act\u00faa con competencias delegadas del Pleno, la sesi\u00f3n se somete a los mismos requisitos de publicidad que las sesiones del Pleno, que s\u00ed que son p\u00fablicas. As\u00ed lo declar\u00f3 la STS 161\/2013, de 26 de septiembre. Teniendo en cuenta las medidas tomadas para evitar la propagaci\u00f3n de la COVID-19, estos puntos del orden del d\u00eda de la Junta de Gobierno Local no se han votado con p\u00fablico, sino que se han grabado en v\u00eddeo y ahora lo publicamos para poder garantizar as\u00ed su publicidad. Por todo ello, los concejales y concejalas de la oposici\u00f3n -que no forman parte de la Junta de Gobierno local- recibieron la informaci\u00f3n sobre la propuesta en su buz\u00f3n de correo electr\u00f3nico la semana pasada.<\/span><\/p>\n<p class=\"p1\" style=\"text-align: justify;\">M\u00e1s informaci\u00f3n:\u00a0<a href=\"http:\/\/bit.ly\/2Xx4e6v\" target=\"_blank\">http:\/\/bit.ly\/2Xx4e6v<\/a><\/p>\n","protected":false},"excerpt":{"rendered":"<p>La Junta de Govern del dilluns 11 de gener inclo\u00efa -i va aprovar- un punt amb Compet\u00e8ncies Delegades del Ple: -Recurs de reposici\u00f3 contra l\u2019acord de la Junta de Govern &hellip; <a href=\"https:\/\/bisbalpenedes.com\/web\/2021\/01\/12\/punt-de-lordre-del-dia-de-la-junta-de-govern-local-del-110121-amb-competencies-delegades-del-ple\/\" class=\"more-link\">Read More<\/a><\/p>\n","protected":false},"author":4,"featured_media":16070,"comment_status":"closed","ping_status":"closed","sticky":false,"template":"","format":"standard","meta":[],"categories":[3085,8,4149],"tags":[3986,686],"_links":{"self":[{"href":"https:\/\/bisbalpenedes.com\/web\/wp-json\/wp\/v2\/posts\/16069"}],"collection":[{"href":"https:\/\/bisbalpenedes.com\/web\/wp-json\/wp\/v2\/posts"}],"about":[{"href":"https:\/\/bisbalpenedes.com\/web\/wp-json\/wp\/v2\/types\/post"}],"author":[{"embeddable":true,"href":"https:\/\/bisbalpenedes.com\/web\/wp-json\/wp\/v2\/users\/4"}],"replies":[{"embeddable":true,"href":"https:\/\/bisbalpenedes.com\/web\/wp-json\/wp\/v2\/comments?post=16069"}],"version-history":[{"count":3,"href":"https:\/\/bisbalpenedes.com\/web\/wp-json\/wp\/v2\/posts\/16069\/revisions"}],"predecessor-version":[{"id":16089,"href":"https:\/\/bisbalpenedes.com\/web\/wp-json\/wp\/v2\/posts\/16069\/revisions\/16089"}],"wp:featuredmedia":[{"embeddable":true,"href":"https:\/\/bisbalpenedes.com\/web\/wp-json\/wp\/v2\/media\/16070"}],"wp:attachment":[{"href":"https:\/\/bisbalpenedes.com\/web\/wp-json\/wp\/v2\/media?parent=16069"}],"wp:term":[{"taxonomy":"category","embeddable":true,"href":"https:\/\/bisbalpenedes.com\/web\/wp-json\/wp\/v2\/categories?post=16069"},{"taxonomy":"post_tag","embeddable":true,"href":"https:\/\/bisbalpenedes.com\/web\/wp-json\/wp\/v2\/tags?post=16069"}],"curies":[{"name":"wp","href":"https:\/\/api.w.org\/{rel}","templated":true}]}}