{"id":16022,"date":"2021-01-07T19:32:11","date_gmt":"2021-01-07T17:32:11","guid":{"rendered":"http:\/\/bisbalpenedes.com\/web\/?p=16022"},"modified":"2021-01-07T19:41:19","modified_gmt":"2021-01-07T17:41:19","slug":"actualitzacio-previsio-de-nevades-en-bona-part-del-pais","status":"publish","type":"post","link":"https:\/\/bisbalpenedes.com\/web\/2021\/01\/07\/actualitzacio-previsio-de-nevades-en-bona-part-del-pais\/","title":{"rendered":"ACTUALITZACI\u00d3 | Previsi\u00f3 de nevades en bona part del pa\u00eds"},"content":{"rendered":"<p style=\"text-align: justify;\"><span style=\"color: #000000;\">Continua activa la pre-alerta del Pla NEUCAT. El Meteocat mant\u00e9 la previsi\u00f3 de nevades en bona part de Catalunya. Eviteu despla\u00e7aments i mantingueu-vos informats.<\/span><\/p>\n<hr \/>\n<p style=\"text-align: justify;\"><span style=\"color: #000000;\">Contin\u00faa activa la prealerta del plan NEUCAT. El Meteocat mantiene la previsi\u00f3n de nevadas en buena parte de Catalunya. Evitad desplazamientos y manteneos informados.<br \/>\n<a href=\"http:\/\/bisbalpenedes.com\/web\/2021\/01\/07\/actualitzacio-previsio-de-nevades-en-bona-part-del-pais\/82b9cca8-d980-4843-8ea5-5fe8d72e48bc\/\" rel=\"attachment wp-att-16023\"><img loading=\"lazy\" class=\"aligncenter size-full wp-image-16023\" src=\"http:\/\/bisbalpenedes.com\/web\/wp-content\/uploads\/2021\/01\/82B9CCA8-D980-4843-8EA5-5FE8D72E48BC.jpeg\" alt=\"82B9CCA8-D980-4843-8EA5-5FE8D72E48BC\" width=\"512\" height=\"264\" srcset=\"https:\/\/bisbalpenedes.com\/web\/wp-content\/uploads\/2021\/01\/82B9CCA8-D980-4843-8EA5-5FE8D72E48BC.jpeg 512w, https:\/\/bisbalpenedes.com\/web\/wp-content\/uploads\/2021\/01\/82B9CCA8-D980-4843-8EA5-5FE8D72E48BC-300x155.jpeg 300w\" sizes=\"(max-width: 512px) 100vw, 512px\" \/><\/a><a href=\"http:\/\/bisbalpenedes.com\/web\/2021\/01\/07\/actualitzacio-previsio-de-nevades-en-bona-part-del-pais\/538fb7a8-59b9-49f4-bb16-43d3b0b7597c\/\" rel=\"attachment wp-att-16025\"><br \/>\n<\/a><a href=\"http:\/\/bisbalpenedes.com\/web\/2021\/01\/07\/actualitzacio-previsio-de-nevades-en-bona-part-del-pais\/82b9cca8-d980-4843-8ea5-5fe8d72e48bc\/\" rel=\"attachment wp-att-16023\"><br \/>\n<\/a> <a href=\"http:\/\/bisbalpenedes.com\/web\/2021\/01\/07\/actualitzacio-previsio-de-nevades-en-bona-part-del-pais\/762ede8b-0966-49ef-93be-cd5c5d8b1e27\/\" rel=\"attachment wp-att-16027\"><img loading=\"lazy\" class=\"aligncenter size-full wp-image-16027\" src=\"http:\/\/bisbalpenedes.com\/web\/wp-content\/uploads\/2021\/01\/762EDE8B-0966-49EF-93BE-CD5C5D8B1E27.jpeg\" alt=\"762EDE8B-0966-49EF-93BE-CD5C5D8B1E27\" width=\"800\" height=\"1117\" srcset=\"https:\/\/bisbalpenedes.com\/web\/wp-content\/uploads\/2021\/01\/762EDE8B-0966-49EF-93BE-CD5C5D8B1E27.jpeg 800w, https:\/\/bisbalpenedes.com\/web\/wp-content\/uploads\/2021\/01\/762EDE8B-0966-49EF-93BE-CD5C5D8B1E27-600x838.jpeg 600w, https:\/\/bisbalpenedes.com\/web\/wp-content\/uploads\/2021\/01\/762EDE8B-0966-49EF-93BE-CD5C5D8B1E27-215x300.jpeg 215w, https:\/\/bisbalpenedes.com\/web\/wp-content\/uploads\/2021\/01\/762EDE8B-0966-49EF-93BE-CD5C5D8B1E27-768x1072.jpeg 768w, https:\/\/bisbalpenedes.com\/web\/wp-content\/uploads\/2021\/01\/762EDE8B-0966-49EF-93BE-CD5C5D8B1E27-733x1024.jpeg 733w\" sizes=\"(max-width: 800px) 100vw, 800px\" \/><\/a><br \/>\n<\/span><\/p>\n<p style=\"text-align: justify;\"><a href=\"http:\/\/bisbalpenedes.com\/web\/2021\/01\/07\/actualitzacio-previsio-de-nevades-en-bona-part-del-pais\/b4f79f67-13e5-4c8b-82c1-4ff6c3fd9ceb\/\" rel=\"attachment wp-att-16033\"><img loading=\"lazy\" class=\"aligncenter size-full wp-image-16033\" src=\"http:\/\/bisbalpenedes.com\/web\/wp-content\/uploads\/2021\/01\/B4F79F67-13E5-4C8B-82C1-4FF6C3FD9CEB.jpeg\" alt=\"B4F79F67-13E5-4C8B-82C1-4FF6C3FD9CEB\" width=\"3024\" height=\"4032\" \/><\/a> <a href=\"http:\/\/bisbalpenedes.com\/web\/2021\/01\/07\/actualitzacio-previsio-de-nevades-en-bona-part-del-pais\/7476002c-07e3-44c2-85bf-35388905e626\/\" rel=\"attachment wp-att-16034\"><img loading=\"lazy\" class=\"aligncenter size-full wp-image-16034\" src=\"http:\/\/bisbalpenedes.com\/web\/wp-content\/uploads\/2021\/01\/7476002C-07E3-44C2-85BF-35388905E626.jpeg\" alt=\"7476002C-07E3-44C2-85BF-35388905E626\" width=\"3024\" height=\"4032\" \/><\/a><\/p>\n","protected":false},"excerpt":{"rendered":"<p>Continua activa la pre-alerta del Pla NEUCAT. El Meteocat mant\u00e9 la previsi\u00f3 de nevades en bona part de Catalunya. Eviteu despla\u00e7aments i mantingueu-vos informats. Contin\u00faa activa la prealerta del plan &hellip; <a href=\"https:\/\/bisbalpenedes.com\/web\/2021\/01\/07\/actualitzacio-previsio-de-nevades-en-bona-part-del-pais\/\" class=\"more-link\">Read More<\/a><\/p>\n","protected":false},"author":4,"featured_media":16023,"comment_status":"closed","ping_status":"closed","sticky":false,"template":"","format":"standard","meta":[],"categories":[1628,2543,8],"tags":[3618,1338,131,4297,4298],"_links":{"self":[{"href":"https:\/\/bisbalpenedes.com\/web\/wp-json\/wp\/v2\/posts\/16022"}],"collection":[{"href":"https:\/\/bisbalpenedes.com\/web\/wp-json\/wp\/v2\/posts"}],"about":[{"href":"https:\/\/bisbalpenedes.com\/web\/wp-json\/wp\/v2\/types\/post"}],"author":[{"embeddable":true,"href":"https:\/\/bisbalpenedes.com\/web\/wp-json\/wp\/v2\/users\/4"}],"replies":[{"embeddable":true,"href":"https:\/\/bisbalpenedes.com\/web\/wp-json\/wp\/v2\/comments?post=16022"}],"version-history":[{"count":6,"href":"https:\/\/bisbalpenedes.com\/web\/wp-json\/wp\/v2\/posts\/16022\/revisions"}],"predecessor-version":[{"id":16035,"href":"https:\/\/bisbalpenedes.com\/web\/wp-json\/wp\/v2\/posts\/16022\/revisions\/16035"}],"wp:featuredmedia":[{"embeddable":true,"href":"https:\/\/bisbalpenedes.com\/web\/wp-json\/wp\/v2\/media\/16023"}],"wp:attachment":[{"href":"https:\/\/bisbalpenedes.com\/web\/wp-json\/wp\/v2\/media?parent=16022"}],"wp:term":[{"taxonomy":"category","embeddable":true,"href":"https:\/\/bisbalpenedes.com\/web\/wp-json\/wp\/v2\/categories?post=16022"},{"taxonomy":"post_tag","embeddable":true,"href":"https:\/\/bisbalpenedes.com\/web\/wp-json\/wp\/v2\/tags?post=16022"}],"curies":[{"name":"wp","href":"https:\/\/api.w.org\/{rel}","templated":true}]}}