{"id":16016,"date":"2021-01-07T12:28:00","date_gmt":"2021-01-07T10:28:00","guid":{"rendered":"http:\/\/bisbalpenedes.com\/web\/?p=16016"},"modified":"2021-01-07T12:28:26","modified_gmt":"2021-01-07T10:28:26","slug":"actualitzacio-avis-de-perill-moderat-per-neu-per-avui-dijous-i-per-dissabte","status":"publish","type":"post","link":"https:\/\/bisbalpenedes.com\/web\/2021\/01\/07\/actualitzacio-avis-de-perill-moderat-per-neu-per-avui-dijous-i-per-dissabte\/","title":{"rendered":"ACTUALITZACI\u00d3 | Av\u00eds de perill moderat per neu per avui dijous i per al dissabte"},"content":{"rendered":"<p style=\"text-align: justify;\"><span style=\"color: #000000;\">La darrera actualitzaci\u00f3 del Meteocat tamb\u00e9 indica que avui dijous podria nevar abundantment a la comarca. Per tant, hi ha un av\u00eds tant per avui com per al dissabte.<\/span><\/p>\n<hr \/>\n<p style=\"text-align: justify;\"><span style=\"color: #000000;\">La \u00faltima actualizaci\u00f3n del Meteocat tambi\u00e9n indica que hoy jueves podr\u00eda nevar abundantemente en la comarca. Por tanto, hay un aviso tanto para hoy como para el jueves.<\/span><\/p>\n<p><a href=\"http:\/\/bisbalpenedes.com\/web\/2021\/01\/07\/actualitzacio-avis-de-perill-moderat-per-neu-per-avui-dijous-i-per-dissabte\/06f94676-d280-435e-a21b-be33be2a03d5\/\" rel=\"attachment wp-att-16017\"><img loading=\"lazy\" class=\"aligncenter size-full wp-image-16017\" src=\"http:\/\/bisbalpenedes.com\/web\/wp-content\/uploads\/2021\/01\/06F94676-D280-435E-A21B-BE33BE2A03D5.jpeg\" alt=\"06F94676-D280-435E-A21B-BE33BE2A03D5\" width=\"3024\" height=\"4032\" \/><\/a> <a href=\"http:\/\/bisbalpenedes.com\/web\/2021\/01\/07\/actualitzacio-avis-de-perill-moderat-per-neu-per-avui-dijous-i-per-dissabte\/4b240ba8-3ad0-47d6-a76b-547f68868d2c\/\" rel=\"attachment wp-att-16018\"><img loading=\"lazy\" class=\"aligncenter size-full wp-image-16018\" src=\"http:\/\/bisbalpenedes.com\/web\/wp-content\/uploads\/2021\/01\/4B240BA8-3AD0-47D6-A76B-547F68868D2C.jpeg\" alt=\"4B240BA8-3AD0-47D6-A76B-547F68868D2C\" width=\"3024\" height=\"4032\" \/><\/a><\/p>\n","protected":false},"excerpt":{"rendered":"<p>La darrera actualitzaci\u00f3 del Meteocat tamb\u00e9 indica que avui dijous podria nevar abundantment a la comarca. Per tant, hi ha un av\u00eds tant per avui com per al dissabte. La &hellip; <a href=\"https:\/\/bisbalpenedes.com\/web\/2021\/01\/07\/actualitzacio-avis-de-perill-moderat-per-neu-per-avui-dijous-i-per-dissabte\/\" class=\"more-link\">Read More<\/a><\/p>\n","protected":false},"author":4,"featured_media":16017,"comment_status":"closed","ping_status":"closed","sticky":false,"template":"","format":"standard","meta":[],"categories":[1628,2543,8],"tags":[129,3618,1338,131],"_links":{"self":[{"href":"https:\/\/bisbalpenedes.com\/web\/wp-json\/wp\/v2\/posts\/16016"}],"collection":[{"href":"https:\/\/bisbalpenedes.com\/web\/wp-json\/wp\/v2\/posts"}],"about":[{"href":"https:\/\/bisbalpenedes.com\/web\/wp-json\/wp\/v2\/types\/post"}],"author":[{"embeddable":true,"href":"https:\/\/bisbalpenedes.com\/web\/wp-json\/wp\/v2\/users\/4"}],"replies":[{"embeddable":true,"href":"https:\/\/bisbalpenedes.com\/web\/wp-json\/wp\/v2\/comments?post=16016"}],"version-history":[{"count":3,"href":"https:\/\/bisbalpenedes.com\/web\/wp-json\/wp\/v2\/posts\/16016\/revisions"}],"predecessor-version":[{"id":16021,"href":"https:\/\/bisbalpenedes.com\/web\/wp-json\/wp\/v2\/posts\/16016\/revisions\/16021"}],"wp:featuredmedia":[{"embeddable":true,"href":"https:\/\/bisbalpenedes.com\/web\/wp-json\/wp\/v2\/media\/16017"}],"wp:attachment":[{"href":"https:\/\/bisbalpenedes.com\/web\/wp-json\/wp\/v2\/media?parent=16016"}],"wp:term":[{"taxonomy":"category","embeddable":true,"href":"https:\/\/bisbalpenedes.com\/web\/wp-json\/wp\/v2\/categories?post=16016"},{"taxonomy":"post_tag","embeddable":true,"href":"https:\/\/bisbalpenedes.com\/web\/wp-json\/wp\/v2\/tags?post=16016"}],"curies":[{"name":"wp","href":"https:\/\/api.w.org\/{rel}","templated":true}]}}