{"id":16003,"date":"2021-01-05T09:13:42","date_gmt":"2021-01-05T07:13:42","guid":{"rendered":"http:\/\/bisbalpenedes.com\/web\/?p=16003"},"modified":"2021-01-05T09:13:43","modified_gmt":"2021-01-05T07:13:43","slug":"atencio-baixada-de-les-temperatures-i-neu-a-cotes-baixes","status":"publish","type":"post","link":"https:\/\/bisbalpenedes.com\/web\/2021\/01\/05\/atencio-baixada-de-les-temperatures-i-neu-a-cotes-baixes\/","title":{"rendered":"Atenci\u00f3! Baixada de les temperatures i neu a cotes baixes"},"content":{"rendered":"<p style=\"text-align: justify;\">Segons ha informat el Servei Meteorol\u00f2gic de Catalunya, Meteocat, la temperatura continuar\u00e0 baixant els pr\u00f2xims dies. A partir de dijous una pertorbaci\u00f3 portar\u00e0 precipitaci\u00f3 a molts punts del pa\u00eds, i divendres n&#8217;\u00e9s probable a qualsevol punt. La cota se situar\u00e0 entorn dels 200 metres, localment m\u00e9s baixa, i pel cap de setmana pujar\u00e0.<\/p>\n<hr \/>\n<p style=\"text-align: justify;\">Seg\u00fan ha informado el Servicio Meteorol\u00f3gico de Catalunya, Meteocat, la temperatura continuar\u00e1 bajando los pr\u00f3ximos d\u00edas. A partir del jueves una perturbaci\u00f3n llevar\u00e1 precipitaci\u00f3n a muchos puntos del pa\u00eds, y el viernes ser\u00e1 probable en cualquier punto. La cota se situar\u00e1 alrededor de los 200 metros, localmente m\u00e1s baja, y el fin de semana subir\u00e1.<\/p>\n<p><a href=\"http:\/\/bisbalpenedes.com\/web\/2021\/01\/05\/atencio-baixada-de-les-temperatures-i-neu-a-cotes-baixes\/27cfafd4-9189-4838-a7f2-41fb7ab6decb\/\" rel=\"attachment wp-att-16005\"><img loading=\"lazy\" class=\"aligncenter size-full wp-image-16005\" src=\"http:\/\/bisbalpenedes.com\/web\/wp-content\/uploads\/2021\/01\/27CFAFD4-9189-4838-A7F2-41FB7AB6DECB.jpeg\" alt=\"27CFAFD4-9189-4838-A7F2-41FB7AB6DECB\" width=\"1280\" height=\"720\" srcset=\"https:\/\/bisbalpenedes.com\/web\/wp-content\/uploads\/2021\/01\/27CFAFD4-9189-4838-A7F2-41FB7AB6DECB.jpeg 1280w, https:\/\/bisbalpenedes.com\/web\/wp-content\/uploads\/2021\/01\/27CFAFD4-9189-4838-A7F2-41FB7AB6DECB-600x338.jpeg 600w, https:\/\/bisbalpenedes.com\/web\/wp-content\/uploads\/2021\/01\/27CFAFD4-9189-4838-A7F2-41FB7AB6DECB-300x169.jpeg 300w, https:\/\/bisbalpenedes.com\/web\/wp-content\/uploads\/2021\/01\/27CFAFD4-9189-4838-A7F2-41FB7AB6DECB-768x432.jpeg 768w, https:\/\/bisbalpenedes.com\/web\/wp-content\/uploads\/2021\/01\/27CFAFD4-9189-4838-A7F2-41FB7AB6DECB-1024x576.jpeg 1024w\" sizes=\"(max-width: 1280px) 100vw, 1280px\" \/><\/a><\/p>\n","protected":false},"excerpt":{"rendered":"<p>Segons ha informat el Servei Meteorol\u00f2gic de Catalunya, Meteocat, la temperatura continuar\u00e0 baixant els pr\u00f2xims dies. A partir de dijous una pertorbaci\u00f3 portar\u00e0 precipitaci\u00f3 a molts punts del pa\u00eds, i &hellip; <a href=\"https:\/\/bisbalpenedes.com\/web\/2021\/01\/05\/atencio-baixada-de-les-temperatures-i-neu-a-cotes-baixes\/\" class=\"more-link\">Read More<\/a><\/p>\n","protected":false},"author":4,"featured_media":16005,"comment_status":"closed","ping_status":"closed","sticky":false,"template":"","format":"standard","meta":[],"categories":[1628,2543,8],"tags":[214,4296,3618,2570],"_links":{"self":[{"href":"https:\/\/bisbalpenedes.com\/web\/wp-json\/wp\/v2\/posts\/16003"}],"collection":[{"href":"https:\/\/bisbalpenedes.com\/web\/wp-json\/wp\/v2\/posts"}],"about":[{"href":"https:\/\/bisbalpenedes.com\/web\/wp-json\/wp\/v2\/types\/post"}],"author":[{"embeddable":true,"href":"https:\/\/bisbalpenedes.com\/web\/wp-json\/wp\/v2\/users\/4"}],"replies":[{"embeddable":true,"href":"https:\/\/bisbalpenedes.com\/web\/wp-json\/wp\/v2\/comments?post=16003"}],"version-history":[{"count":2,"href":"https:\/\/bisbalpenedes.com\/web\/wp-json\/wp\/v2\/posts\/16003\/revisions"}],"predecessor-version":[{"id":16007,"href":"https:\/\/bisbalpenedes.com\/web\/wp-json\/wp\/v2\/posts\/16003\/revisions\/16007"}],"wp:featuredmedia":[{"embeddable":true,"href":"https:\/\/bisbalpenedes.com\/web\/wp-json\/wp\/v2\/media\/16005"}],"wp:attachment":[{"href":"https:\/\/bisbalpenedes.com\/web\/wp-json\/wp\/v2\/media?parent=16003"}],"wp:term":[{"taxonomy":"category","embeddable":true,"href":"https:\/\/bisbalpenedes.com\/web\/wp-json\/wp\/v2\/categories?post=16003"},{"taxonomy":"post_tag","embeddable":true,"href":"https:\/\/bisbalpenedes.com\/web\/wp-json\/wp\/v2\/tags?post=16003"}],"curies":[{"name":"wp","href":"https:\/\/api.w.org\/{rel}","templated":true}]}}